{"id":26603,"date":"2020-03-23T17:28:53","date_gmt":"2020-03-23T23:28:53","guid":{"rendered":"http:\/\/diariodigitalmx.com\/?p=26603"},"modified":"2020-03-23T17:29:42","modified_gmt":"2020-03-23T23:29:42","slug":"violencia-familiar-y-el-covid-19","status":"publish","type":"post","link":"https:\/\/diariodigitalmx.com\/index.php\/2020\/03\/23\/violencia-familiar-y-el-covid-19\/","title":{"rendered":"Violencia familiar y el covid-19"},"content":{"rendered":"\n<p>Abogado Walter Elizondo Medina<br><\/p>\n\n\n\n<p>El C\u00f3digo Civil en su art\u00edculo 323 Bis establece \u201cPor violencia familiar se considera la conducta o el acto abusivo de poder u omisi\u00f3n intencional, dirigido a dominar, someter, controlar, o agredir de manera psicol\u00f3gica, f\u00edsica, sexual, patrimonial o econ\u00f3mica, dentro o fuera del domicilio familiar, cuyo agresor o agresora tenga o haya tenido con la persona agredida relaci\u00f3n de matrimonio o concubinato; de parentesco por consanguinidad en l\u00ednea recta, ascendiente o descendiente sin limitaci\u00f3n de grado; pariente colateral consangu\u00edneo o af\u00edn hasta el cuarto grado, o parentesco civil\u201d.&nbsp;<br><\/p>\n\n\n\n<p>En diversos medios de comunicaci\u00f3n se han publicado notas period\u00edsticas informando sobre el grave problema que vivimos los nuevoleoneses en el tema de violencia familiar, se han incrementado en un 30 % las denuncias en estos d\u00edas a causa de la enfermedad del Covid-19&nbsp; y la recomendaci\u00f3n del Gobierno de que tenemos que estar resguardados en casa, la indicaci\u00f3n de que permanezcamos en el hogar puede durar mucho tiempo. Lo anterior, en mi opini\u00f3n es ocasionado por la deficiente comunicaci\u00f3n entre los integrantes de la familia, el estr\u00e9s, el calor, el futbol, la vida ajetreada de la metr\u00f3poli, las desavenencias entre la pareja e hijos, la situaci\u00f3n econ\u00f3mica actual que impera a nivel global que repercute en el ingreso en el hogar, y actualmente a causa de la enfermedad covid-19.&nbsp;<br><\/p>\n\n\n\n<p>Datos proporcionados por el portal oficial de internet de la Fiscal\u00eda General del Estado nos informa que hasta el mes de febrero del a\u00f1o 2020 se han presentado un total de 2570 casos de violencia familiar denunciados ante el ministerio p\u00fablico y lamentablemente la tendencia vaticina que ir\u00e1n en incremento en los meses de marzo, abril y mayo a ra\u00edz del Covid 19 y el hecho que las personas permanezcan en su casa. Considero que este aumento es originado por la falta de una pol\u00edtica p\u00fablica integral por parte del Estado que contribuya y de resultados para la disminuci\u00f3n de esta problem\u00e1tica de una manera contundente.&nbsp;<br><\/p>\n\n\n\n<p>Finalmente, los invito a que estemos al tanto de la situaci\u00f3n que impera en nuestra familia, hagamos acciones que nos permitan mejorar la convivencia social, privilegiamos la comunicaci\u00f3n, el trato cordial y respetuoso que debe estar presente en una comunidad para el buen convivir y poner todo de nosotros para que nuestras relaciones interpersonales y familiares sean buenas.&nbsp;<br><\/p>\n\n\n\n<p>Nos vemos muy pronto.&nbsp;<\/p>\n","protected":false},"excerpt":{"rendered":"<p>Abogado Walter Elizondo Medina El C\u00f3digo Civil en su art\u00edculo 323 Bis establece \u201cPor violencia familiar se considera la conducta o el acto abusivo de poder u omisi\u00f3n intencional, dirigido a dominar, someter, controlar, o agredir de manera psicol\u00f3gica, f\u00edsica, sexual, patrimonial o econ\u00f3mica, dentro o fuera del domicilio familiar, cuyo agresor o agresora tenga [&hellip;]<\/p>\n","protected":false},"author":1,"featured_media":26606,"comment_status":"open","ping_status":"open","sticky":true,"template":"","format":"standard","meta":{"footnotes":""},"categories":[14,12],"tags":[],"_links":{"self":[{"href":"https:\/\/diariodigitalmx.com\/index.php\/wp-json\/wp\/v2\/posts\/26603"}],"collection":[{"href":"https:\/\/diariodigitalmx.com\/index.php\/wp-json\/wp\/v2\/posts"}],"about":[{"href":"https:\/\/diariodigitalmx.com\/index.php\/wp-json\/wp\/v2\/types\/post"}],"author":[{"embeddable":true,"href":"https:\/\/diariodigitalmx.com\/index.php\/wp-json\/wp\/v2\/users\/1"}],"replies":[{"embeddable":true,"href":"https:\/\/diariodigitalmx.com\/index.php\/wp-json\/wp\/v2\/comments?post=26603"}],"version-history":[{"count":1,"href":"https:\/\/diariodigitalmx.com\/index.php\/wp-json\/wp\/v2\/posts\/26603\/revisions"}],"predecessor-version":[{"id":26604,"href":"https:\/\/diariodigitalmx.com\/index.php\/wp-json\/wp\/v2\/posts\/26603\/revisions\/26604"}],"wp:featuredmedia":[{"embeddable":true,"href":"https:\/\/diariodigitalmx.com\/index.php\/wp-json\/wp\/v2\/media\/26606"}],"wp:attachment":[{"href":"https:\/\/diariodigitalmx.com\/index.php\/wp-json\/wp\/v2\/media?parent=26603"}],"wp:term":[{"taxonomy":"category","embeddable":true,"href":"https:\/\/diariodigitalmx.com\/index.php\/wp-json\/wp\/v2\/categories?post=26603"},{"taxonomy":"post_tag","embeddable":true,"href":"https:\/\/diariodigitalmx.com\/index.php\/wp-json\/wp\/v2\/tags?post=26603"}],"curies":[{"name":"wp","href":"https:\/\/api.w.org\/{rel}","templated":true}]}}