{"id":2669,"date":"2019-04-20T14:29:37","date_gmt":"2019-04-20T19:29:37","guid":{"rendered":"http:\/\/diariodigitalmx.com\/?p=2669"},"modified":"2019-04-20T14:29:39","modified_gmt":"2019-04-20T19:29:39","slug":"la-regia-colonia-obrerista-y-su-quema-de-judas-el-bronco-por-segundo-ano-pasa-por-el-fuego","status":"publish","type":"post","link":"https:\/\/diariodigitalmx.com\/index.php\/2019\/04\/20\/la-regia-colonia-obrerista-y-su-quema-de-judas-el-bronco-por-segundo-ano-pasa-por-el-fuego\/","title":{"rendered":"La regia  colonia Obrerista y su quema de Judas; El Bronco, por segundo a\u00f1o pasa por el fuego"},"content":{"rendered":"\n<p>Pedro Garc\u00eda<\/p>\n\n\n\n<p>Monterrey, N. L- Incansables, los vecinos de la colonia Obrerista cumplieron 77 a\u00f1os quemando a los Judas, es decir, a los gobernantes y a sus acciones impopulares. Este S\u00e1bado de Gloria, clamaron un \u00a1ya basta! a la carest\u00eda, al tarifazo del transporte y a la corrupci\u00f3n y quemaron a El Bronco.<br><br>El pueblo-pueblo no repara en descalificar el pretendido \u201ctarifazo\u201d de El Bronco caracterizado en un judas traidor en donde el reconocido caricaturista Amura dibuj\u00f3 un perfil del gobernante con un semblante taciturno, como quien no mata una mosca.<br><br>Tambi\u00e9n perfil\u00f3 un gachup\u00edn voraz, simbolizando a Gas Natural que hace cobros, al tanteo, aunque a su favor y en perjuicio de la econom\u00eda de las familias de los trabajadores.<br><br>Entrevistado, Francisco Haros, presidente del Club Social y Deportivo Obrerista expres\u00f3 que, en los 77 a\u00f1os de la quema de los Judas, al pueblo nunca le han faltado motivos para reclamar a los gobernantes.<br><br>Este a\u00f1o, agreg\u00f3, la gente pidi\u00f3 caracterizar en un Judas al gobernador El Bronco por su insistencia en traicionar al pueblo con un tarifazo, lo mismo que a la empresa privada Gas Natural.<br><br>Punto aparte es la demanda contra la corrupci\u00f3n de los gobiernos, dijo el se\u00f1or Francisco Haros al explicar que los vecinos est\u00e1n hartos de tanta corrupci\u00f3n gubernamental y apoyan la lucha emprendida por el presidente L\u00f3pez Obrador para desterrar las tranzas.<br><br>En los medios no se publica nada sobre la corrupci\u00f3n pero, abajo, el pueblo est\u00e1 de acuerdo y respalda al presidente de la Rep\u00fablica en su combate contra los corruptos, precis\u00f3 el se\u00f1or Haros.<br><br>Para j\u00fabilo de los vecinos y turistas, los Judas estallaron este S\u00e1bado de Gloria en la colonia Obrerista en sus conocidos barrios de Progreso donde adem\u00e1s hubo convivencia deportiva y rompimiento de pi\u00f1atas con entrega de regalos a ni\u00f1as y ni\u00f1os.<br><\/p>\n\n\n\n<p>A lo largo de todos esos a\u00f1os han pasado por la quema presidente, gobernadores, alcaldes, diputados, partidos pol\u00edticos, corrupci\u00f3n, carest\u00eda y empresarios entre otros.<br><\/p>\n\n\n\n<p>La Obrerista se localiza apenas unas calles al norte del llamado primer cuadro (centro) de Monterrey.<br><\/p>\n\n\n\n<p>La celebraci\u00f3n concluye con una peque\u00f1a guerrilla entre los vecinos que lanzan huevos con harina.<br><br><\/p>\n\n\n\n<ul class=\"wp-block-gallery columns-3 is-cropped wp-block-gallery-1 is-layout-flex wp-block-gallery-is-layout-flex\"><li class=\"blocks-gallery-item\"><figure><img loading=\"lazy\" decoding=\"async\" width=\"720\" height=\"960\" src=\"http:\/\/diariodigitalmx.com\/wp-content\/uploads\/2019\/04\/Judas-paco.jpg\" alt=\"\" data-id=\"2672\" data-link=\"http:\/\/diariodigitalmx.com\/?attachment_id=2672\" class=\"wp-image-2672\" srcset=\"https:\/\/diariodigitalmx.com\/wp-content\/uploads\/2019\/04\/Judas-paco.jpg 720w, https:\/\/diariodigitalmx.com\/wp-content\/uploads\/2019\/04\/Judas-paco-225x300.jpg 225w\" sizes=\"(max-width: 720px) 100vw, 720px\" \/><\/figure><\/li><li class=\"blocks-gallery-item\"><figure><img loading=\"lazy\" decoding=\"async\" width=\"1024\" height=\"678\" src=\"http:\/\/diariodigitalmx.com\/wp-content\/uploads\/2019\/04\/d891db86169c4f6bb2f58b266cc4547f-1024x678.jpg\" alt=\"\" data-id=\"2673\" data-link=\"http:\/\/diariodigitalmx.com\/?attachment_id=2673\" class=\"wp-image-2673\" srcset=\"https:\/\/diariodigitalmx.com\/wp-content\/uploads\/2019\/04\/d891db86169c4f6bb2f58b266cc4547f-1024x678.jpg 1024w, https:\/\/diariodigitalmx.com\/wp-content\/uploads\/2019\/04\/d891db86169c4f6bb2f58b266cc4547f-300x199.jpg 300w, https:\/\/diariodigitalmx.com\/wp-content\/uploads\/2019\/04\/d891db86169c4f6bb2f58b266cc4547f-768x508.jpg 768w, https:\/\/diariodigitalmx.com\/wp-content\/uploads\/2019\/04\/d891db86169c4f6bb2f58b266cc4547f.jpg 1280w\" sizes=\"(max-width: 1024px) 100vw, 1024px\" \/><\/figure><\/li><li class=\"blocks-gallery-item\"><figure><img loading=\"lazy\" decoding=\"async\" width=\"678\" height=\"1024\" src=\"http:\/\/diariodigitalmx.com\/wp-content\/uploads\/2019\/04\/367061589abd4cb8993edfe07ed4b1c4-678x1024.jpg\" alt=\"\" data-id=\"2674\" data-link=\"http:\/\/diariodigitalmx.com\/?attachment_id=2674\" class=\"wp-image-2674\" srcset=\"https:\/\/diariodigitalmx.com\/wp-content\/uploads\/2019\/04\/367061589abd4cb8993edfe07ed4b1c4-678x1024.jpg 678w, https:\/\/diariodigitalmx.com\/wp-content\/uploads\/2019\/04\/367061589abd4cb8993edfe07ed4b1c4-199x300.jpg 199w, https:\/\/diariodigitalmx.com\/wp-content\/uploads\/2019\/04\/367061589abd4cb8993edfe07ed4b1c4-768x1161.jpg 768w, https:\/\/diariodigitalmx.com\/wp-content\/uploads\/2019\/04\/367061589abd4cb8993edfe07ed4b1c4.jpg 847w\" sizes=\"(max-width: 678px) 100vw, 678px\" \/><\/figure><\/li><li class=\"blocks-gallery-item\"><figure><img loading=\"lazy\" decoding=\"async\" width=\"660\" height=\"440\" src=\"http:\/\/diariodigitalmx.com\/wp-content\/uploads\/2019\/04\/7918594.jpg\" alt=\"\" data-id=\"2675\" data-link=\"http:\/\/diariodigitalmx.com\/?attachment_id=2675\" class=\"wp-image-2675\" srcset=\"https:\/\/diariodigitalmx.com\/wp-content\/uploads\/2019\/04\/7918594.jpg 660w, https:\/\/diariodigitalmx.com\/wp-content\/uploads\/2019\/04\/7918594-300x200.jpg 300w\" sizes=\"(max-width: 660px) 100vw, 660px\" \/><\/figure><\/li><\/ul>\n","protected":false},"excerpt":{"rendered":"<p>Pedro Garc\u00eda Monterrey, N. L- Incansables, los vecinos de la colonia Obrerista cumplieron 77 a\u00f1os quemando a los Judas, es decir, a los gobernantes y a sus acciones impopulares. Este S\u00e1bado de Gloria, clamaron un \u00a1ya basta! a la carest\u00eda, al tarifazo del transporte y a la corrupci\u00f3n y quemaron a El Bronco. El pueblo-pueblo [&hellip;]<\/p>\n","protected":false},"author":1,"featured_media":2671,"comment_status":"open","ping_status":"open","sticky":false,"template":"","format":"standard","meta":{"footnotes":""},"categories":[6,3,5,1],"tags":[],"_links":{"self":[{"href":"https:\/\/diariodigitalmx.com\/index.php\/wp-json\/wp\/v2\/posts\/2669"}],"collection":[{"href":"https:\/\/diariodigitalmx.com\/index.php\/wp-json\/wp\/v2\/posts"}],"about":[{"href":"https:\/\/diariodigitalmx.com\/index.php\/wp-json\/wp\/v2\/types\/post"}],"author":[{"embeddable":true,"href":"https:\/\/diariodigitalmx.com\/index.php\/wp-json\/wp\/v2\/users\/1"}],"replies":[{"embeddable":true,"href":"https:\/\/diariodigitalmx.com\/index.php\/wp-json\/wp\/v2\/comments?post=2669"}],"version-history":[{"count":2,"href":"https:\/\/diariodigitalmx.com\/index.php\/wp-json\/wp\/v2\/posts\/2669\/revisions"}],"predecessor-version":[{"id":2676,"href":"https:\/\/diariodigitalmx.com\/index.php\/wp-json\/wp\/v2\/posts\/2669\/revisions\/2676"}],"wp:featuredmedia":[{"embeddable":true,"href":"https:\/\/diariodigitalmx.com\/index.php\/wp-json\/wp\/v2\/media\/2671"}],"wp:attachment":[{"href":"https:\/\/diariodigitalmx.com\/index.php\/wp-json\/wp\/v2\/media?parent=2669"}],"wp:term":[{"taxonomy":"category","embeddable":true,"href":"https:\/\/diariodigitalmx.com\/index.php\/wp-json\/wp\/v2\/categories?post=2669"},{"taxonomy":"post_tag","embeddable":true,"href":"https:\/\/diariodigitalmx.com\/index.php\/wp-json\/wp\/v2\/tags?post=2669"}],"curies":[{"name":"wp","href":"https:\/\/api.w.org\/{rel}","templated":true}]}}