{"id":26791,"date":"2020-03-25T17:54:14","date_gmt":"2020-03-25T23:54:14","guid":{"rendered":"http:\/\/diariodigitalmx.com\/?p=26791"},"modified":"2020-03-25T17:55:02","modified_gmt":"2020-03-25T23:55:02","slug":"perdera-nuevo-leon-por-covid-19-miles-de-empleos","status":"publish","type":"post","link":"https:\/\/diariodigitalmx.com\/index.php\/2020\/03\/25\/perdera-nuevo-leon-por-covid-19-miles-de-empleos\/","title":{"rendered":"Perder\u00e1 Nuevo Le\u00f3n por Covid-19, miles de empleos"},"content":{"rendered":"\n<p>Jessica Leal<br><\/p>\n\n\n\n<p>Monterrey, N. L- &nbsp; Nuevo Le\u00f3n podr\u00eda desocupar en principio&nbsp; a unos 21 mil trabajadores pero las perspectivas adversas indican que podr\u00edan alcanzar hasta los 38 mil empleos perdidos por la crsisi del Covid-19.<br><\/p>\n\n\n\n<p>De acuerdo a un an\u00e1lisis de la Confederaci\u00f3n Patronal de la Rep\u00fablica Mexicana,&nbsp; en la medida que la industria de la manufactura de Estados Unidos desacelere o lo que es peor disminuyan sus niveles de producci\u00f3n, caer\u00e1n tambi\u00e9n en Nuevo Le\u00f3n y en el resto del Pa\u00eds.<br><\/p>\n\n\n\n<p>&#8220;La falta de apoyos federales al sector productivo de Nuevo Le\u00f3n podr\u00eda ocasionar que la manufactura del Estado desocupe a unos 21,000 trabajadores este a\u00f1o&#8221;, destaca la la COPARMEX.<br><\/p>\n\n\n\n<p>Sin embargo, apunta, si la crisis econ\u00f3mica se agudiza a niveles de 2009, Nuevo Le\u00f3n perder\u00eda hasta 38 mil empleos a causa de las consecuencias provocadas por la pandemia de COVID-19.<br><\/p>\n\n\n\n<p>El an\u00e1lisis de la Coparmex puntualiza que, de acuerdo a datos del Instituto Mexicano del Seguro Social en 2009 el empleo formal en el estado cay\u00f3 en -2.3 por ciento, mientras que a nivel nacional la ca\u00edda fue de -1.2 por ciento.<br><\/p>\n\n\n\n<p>Ante las perspectivas, Iv\u00e1n Rivas Rodr\u00edguez, director de la Coparmex Nuevo Le\u00f3n, urgi\u00f3 la implementaci\u00f3n de medidas contra c\u00edclicas para la econom\u00eda nacional, y un programa de apoyo emergente que fomente la actividad productiva.<br><\/p>\n\n\n\n<p>Considera que el Gobierno federal deber\u00eda preocuparse m\u00e1s porque no se formen largas filas de desempleados. &#8220;Sin embargo, ser\u00e1 inevitable y de peor magnitud si no hay acciones del Gobierno federal encaminadas a apoyar al sector empresarial&#8221;.<br><\/p>\n\n\n\n<p>\u200c<br><\/p>\n\n\n\n<p>\u200c<br><\/p>\n\n\n\n<p>\u200c<\/p>\n\n\n\n<p><\/p>\n\n\n\n<p><\/p>\n\n\n\n<p><\/p>\n","protected":false},"excerpt":{"rendered":"<p>Jessica Leal Monterrey, N. L- &nbsp; Nuevo Le\u00f3n podr\u00eda desocupar en principio&nbsp; a unos 21 mil trabajadores pero las perspectivas adversas indican que podr\u00edan alcanzar hasta los 38 mil empleos perdidos por la crsisi del Covid-19. De acuerdo a un an\u00e1lisis de la Confederaci\u00f3n Patronal de la Rep\u00fablica Mexicana,&nbsp; en la medida que la industria [&hellip;]<\/p>\n","protected":false},"author":1,"featured_media":26794,"comment_status":"open","ping_status":"open","sticky":true,"template":"","format":"standard","meta":{"footnotes":""},"categories":[6,3],"tags":[],"_links":{"self":[{"href":"https:\/\/diariodigitalmx.com\/index.php\/wp-json\/wp\/v2\/posts\/26791"}],"collection":[{"href":"https:\/\/diariodigitalmx.com\/index.php\/wp-json\/wp\/v2\/posts"}],"about":[{"href":"https:\/\/diariodigitalmx.com\/index.php\/wp-json\/wp\/v2\/types\/post"}],"author":[{"embeddable":true,"href":"https:\/\/diariodigitalmx.com\/index.php\/wp-json\/wp\/v2\/users\/1"}],"replies":[{"embeddable":true,"href":"https:\/\/diariodigitalmx.com\/index.php\/wp-json\/wp\/v2\/comments?post=26791"}],"version-history":[{"count":1,"href":"https:\/\/diariodigitalmx.com\/index.php\/wp-json\/wp\/v2\/posts\/26791\/revisions"}],"predecessor-version":[{"id":26792,"href":"https:\/\/diariodigitalmx.com\/index.php\/wp-json\/wp\/v2\/posts\/26791\/revisions\/26792"}],"wp:featuredmedia":[{"embeddable":true,"href":"https:\/\/diariodigitalmx.com\/index.php\/wp-json\/wp\/v2\/media\/26794"}],"wp:attachment":[{"href":"https:\/\/diariodigitalmx.com\/index.php\/wp-json\/wp\/v2\/media?parent=26791"}],"wp:term":[{"taxonomy":"category","embeddable":true,"href":"https:\/\/diariodigitalmx.com\/index.php\/wp-json\/wp\/v2\/categories?post=26791"},{"taxonomy":"post_tag","embeddable":true,"href":"https:\/\/diariodigitalmx.com\/index.php\/wp-json\/wp\/v2\/tags?post=26791"}],"curies":[{"name":"wp","href":"https:\/\/api.w.org\/{rel}","templated":true}]}}