{"id":26859,"date":"2020-03-26T13:13:07","date_gmt":"2020-03-26T19:13:07","guid":{"rendered":"http:\/\/diariodigitalmx.com\/?p=26859"},"modified":"2020-03-26T13:13:57","modified_gmt":"2020-03-26T19:13:57","slug":"pide-amlo-a-lideres-de-g20-tregua-y-alto-a-especulacion-financiera","status":"publish","type":"post","link":"https:\/\/diariodigitalmx.com\/index.php\/2020\/03\/26\/pide-amlo-a-lideres-de-g20-tregua-y-alto-a-especulacion-financiera\/","title":{"rendered":"Pide AMLO a l\u00edderes de G-20 tregua y alto a especulaci\u00f3n financiera"},"content":{"rendered":"\n<p>En el proceso de recuperaci\u00f3n econ\u00f3mica ante la crisis por el impacto del coronavirus (Covid-19) debe darse atenci\u00f3n especial a las microempresas familiares y a todos los que trabajan en la llamada econom\u00eda informal, expres\u00f3 el presidente Andr\u00e9s Manuel L\u00f3pez Obrador en la Cumbre Virtual del G-20 y llam\u00f3 los l\u00edderes mundiales a que en toda operaci\u00f3n y apoyo se tome en cuenta a estos sectores.<br><\/p>\n\n\n\n<p>Pidi\u00f3 a las grandes potencias establecer una tregua para que no haya cierres de fronteras y que no prevalezcan los monopolios comerciales, as\u00ed como no usar el precio del petr\u00f3leo para afectar la econom\u00eda de los pueblos y lo m\u00e1s importante: \u201ccerrarle el paso a la especulaci\u00f3n financiera\u201d.<br><\/p>\n\n\n\n<p>Urgi\u00f3 a la ONU controlar todo lo relacionado con el comercio de medicamentos y de equipos, porque hay escasez y al mismo tiempo acaparamiento de los que tienen m\u00e1s posibilidades econ\u00f3micas; \u201ctiene que darse un trato humanitario, no especulativo, no lucrativo\u201d, explic\u00f3<br><\/p>\n\n\n\n<p>L\u00f3pez Obrador reiter\u00f3 que, para enfrentar esta crisis de salud, no basta con los hospitales, se requiere de la participaci\u00f3n de la gente.<br><\/p>\n\n\n\n<p>\u201cHabl\u00e9 en especial de la importancia de la familia, repet\u00ed de que en M\u00e9xico como en otros pueblos, la familia es la instituci\u00f3n de seguridad social m\u00e1s importante, estamos acudiendo al apoyo de las familias mexicanas para proteger a nuestros adultos mayores\u201d, asegur\u00f3<br><\/p>\n\n\n\n<p>L\u00f3pez Obrador expres\u00f3 su solidaridad a los pueblos del mundo que est\u00e1n padeciendo por esta pandemia y llam\u00f3 a evitar el racismo ante esta pandemia.<\/p>\n\n\n\n<p><\/p>\n\n\n\n<p><\/p>\n","protected":false},"excerpt":{"rendered":"<p>En el proceso de recuperaci\u00f3n econ\u00f3mica ante la crisis por el impacto del coronavirus (Covid-19) debe darse atenci\u00f3n especial a las microempresas familiares y a todos los que trabajan en la llamada econom\u00eda informal, expres\u00f3 el presidente Andr\u00e9s Manuel L\u00f3pez Obrador en la Cumbre Virtual del G-20 y llam\u00f3 los l\u00edderes mundiales a que en [&hellip;]<\/p>\n","protected":false},"author":1,"featured_media":26862,"comment_status":"open","ping_status":"open","sticky":true,"template":"","format":"standard","meta":{"footnotes":""},"categories":[2,5],"tags":[],"_links":{"self":[{"href":"https:\/\/diariodigitalmx.com\/index.php\/wp-json\/wp\/v2\/posts\/26859"}],"collection":[{"href":"https:\/\/diariodigitalmx.com\/index.php\/wp-json\/wp\/v2\/posts"}],"about":[{"href":"https:\/\/diariodigitalmx.com\/index.php\/wp-json\/wp\/v2\/types\/post"}],"author":[{"embeddable":true,"href":"https:\/\/diariodigitalmx.com\/index.php\/wp-json\/wp\/v2\/users\/1"}],"replies":[{"embeddable":true,"href":"https:\/\/diariodigitalmx.com\/index.php\/wp-json\/wp\/v2\/comments?post=26859"}],"version-history":[{"count":2,"href":"https:\/\/diariodigitalmx.com\/index.php\/wp-json\/wp\/v2\/posts\/26859\/revisions"}],"predecessor-version":[{"id":26861,"href":"https:\/\/diariodigitalmx.com\/index.php\/wp-json\/wp\/v2\/posts\/26859\/revisions\/26861"}],"wp:featuredmedia":[{"embeddable":true,"href":"https:\/\/diariodigitalmx.com\/index.php\/wp-json\/wp\/v2\/media\/26862"}],"wp:attachment":[{"href":"https:\/\/diariodigitalmx.com\/index.php\/wp-json\/wp\/v2\/media?parent=26859"}],"wp:term":[{"taxonomy":"category","embeddable":true,"href":"https:\/\/diariodigitalmx.com\/index.php\/wp-json\/wp\/v2\/categories?post=26859"},{"taxonomy":"post_tag","embeddable":true,"href":"https:\/\/diariodigitalmx.com\/index.php\/wp-json\/wp\/v2\/tags?post=26859"}],"curies":[{"name":"wp","href":"https:\/\/api.w.org\/{rel}","templated":true}]}}