{"id":2750,"date":"2019-04-21T18:21:40","date_gmt":"2019-04-21T23:21:40","guid":{"rendered":"http:\/\/diariodigitalmx.com\/?p=2750"},"modified":"2019-04-21T23:44:05","modified_gmt":"2019-04-22T04:44:05","slug":"otra-regia-triunfa-en-martillo-se-enfila-a-olimpiadas-nacionales-juveniles","status":"publish","type":"post","link":"https:\/\/diariodigitalmx.com\/index.php\/2019\/04\/21\/otra-regia-triunfa-en-martillo-se-enfila-a-olimpiadas-nacionales-juveniles\/","title":{"rendered":"Otro triunfo de Alexa en martillo; se enfila a olimpiadas nacionales juveniles"},"content":{"rendered":"\n<p><br><\/p>\n\n\n\n<p><\/p>\n\n\n\n<ul><li><strong>La Vaquerita de la UANL, Alexa Bautista a unos d\u00edas de batir record de &nbsp;evento internacional de atletismo, ahora conquista el 1er. Lugar de Campeonato de Pista y Campo convocado por la FMAA con marca &nbsp;de <\/strong><strong>49.24 metros.<\/strong><\/li><\/ul>\n\n\n\n<p> Por: Ra\u00fal Emigdio Guevara Ortiz.- A solo 6 d\u00edas de haber &nbsp;impuesto nuevo r\u00e9cord en el 39\u00b0 Evento Internacional de Atletismo de Pista y Campo Enrique Morales Castro, la juvenil estudiante de la Preparatoria N\u00b0 2, Alexa Bautista conquist\u00f3 el primer lugar este domingo al marcar 49.24 metros en la prueba de Lanzamiento de Martillo del evento &nbsp;Campeonato Nacional organizado por la Federaci\u00f3n Mexicana de Asociaciones de Atletismo.<br><\/p>\n\n\n\n<p>Enfundando los colore representativos de Nuevo Le\u00f3n, Bautista de apenas 15 a\u00f1os contin\u00faa paso a paso adquiriendo m\u00e1s experiencia &nbsp;dentro de eventos nacionales e internacionales, tal y como lo demostr\u00f3 este d\u00eda en las instalaciones del Comit\u00e9 Ol\u00edmpico Mexicano.<br><\/p>\n\n\n\n<p>Con este triunfo la residente del municipio de Santa Catarina, se declara lista para participar en las Olimpiadas Nacionales Juveniles a celebrarse en el mes de mayo en el estado de Chihuahua donde formar\u00e1 parte de la selecci\u00f3n integrada por la Asociaci\u00f3n de &nbsp;Atletismo de Nuevo Le\u00f3n con los mejores representantes del estado.<\/p>\n\n\n\n<figure class=\"wp-block-image\"><img loading=\"lazy\" decoding=\"async\" width=\"1024\" height=\"683\" src=\"http:\/\/diariodigitalmx.com\/wp-content\/uploads\/2019\/04\/IMG_4744-1024x683.jpg\" alt=\"\" class=\"wp-image-2753\" srcset=\"https:\/\/diariodigitalmx.com\/wp-content\/uploads\/2019\/04\/IMG_4744-1024x683.jpg 1024w, https:\/\/diariodigitalmx.com\/wp-content\/uploads\/2019\/04\/IMG_4744-300x200.jpg 300w, https:\/\/diariodigitalmx.com\/wp-content\/uploads\/2019\/04\/IMG_4744-768x512.jpg 768w\" sizes=\"(max-width: 1024px) 100vw, 1024px\" \/><\/figure>\n","protected":false},"excerpt":{"rendered":"<p>La Vaquerita de la UANL, Alexa Bautista a unos d\u00edas de batir record de &nbsp;evento internacional de atletismo, ahora conquista el 1er. Lugar de Campeonato de Pista y Campo convocado por la FMAA con marca &nbsp;de 49.24 metros. Por: Ra\u00fal Emigdio Guevara Ortiz.- A solo 6 d\u00edas de haber &nbsp;impuesto nuevo r\u00e9cord en el 39\u00b0 [&hellip;]<\/p>\n","protected":false},"author":1,"featured_media":2752,"comment_status":"open","ping_status":"open","sticky":false,"template":"","format":"standard","meta":{"footnotes":""},"categories":[8,3],"tags":[],"_links":{"self":[{"href":"https:\/\/diariodigitalmx.com\/index.php\/wp-json\/wp\/v2\/posts\/2750"}],"collection":[{"href":"https:\/\/diariodigitalmx.com\/index.php\/wp-json\/wp\/v2\/posts"}],"about":[{"href":"https:\/\/diariodigitalmx.com\/index.php\/wp-json\/wp\/v2\/types\/post"}],"author":[{"embeddable":true,"href":"https:\/\/diariodigitalmx.com\/index.php\/wp-json\/wp\/v2\/users\/1"}],"replies":[{"embeddable":true,"href":"https:\/\/diariodigitalmx.com\/index.php\/wp-json\/wp\/v2\/comments?post=2750"}],"version-history":[{"count":3,"href":"https:\/\/diariodigitalmx.com\/index.php\/wp-json\/wp\/v2\/posts\/2750\/revisions"}],"predecessor-version":[{"id":2755,"href":"https:\/\/diariodigitalmx.com\/index.php\/wp-json\/wp\/v2\/posts\/2750\/revisions\/2755"}],"wp:featuredmedia":[{"embeddable":true,"href":"https:\/\/diariodigitalmx.com\/index.php\/wp-json\/wp\/v2\/media\/2752"}],"wp:attachment":[{"href":"https:\/\/diariodigitalmx.com\/index.php\/wp-json\/wp\/v2\/media?parent=2750"}],"wp:term":[{"taxonomy":"category","embeddable":true,"href":"https:\/\/diariodigitalmx.com\/index.php\/wp-json\/wp\/v2\/categories?post=2750"},{"taxonomy":"post_tag","embeddable":true,"href":"https:\/\/diariodigitalmx.com\/index.php\/wp-json\/wp\/v2\/tags?post=2750"}],"curies":[{"name":"wp","href":"https:\/\/api.w.org\/{rel}","templated":true}]}}