{"id":2761,"date":"2019-04-22T11:02:00","date_gmt":"2019-04-22T16:02:00","guid":{"rendered":"http:\/\/diariodigitalmx.com\/?p=2761"},"modified":"2019-04-22T11:02:02","modified_gmt":"2019-04-22T16:02:02","slug":"en-seis-meses-disminuira-inseguridad-preve-amlo","status":"publish","type":"post","link":"https:\/\/diariodigitalmx.com\/index.php\/2019\/04\/22\/en-seis-meses-disminuira-inseguridad-preve-amlo\/","title":{"rendered":"En seis meses disminuir\u00e1 inseguridad, prev\u00e9 AMLO"},"content":{"rendered":"\n<p>En la medida que se vayan consolidando tres acciones como son: eliminar la base social juvenil de la que echaba mano la delincuencia organizada, los programas de apoyo y bienestar, y la Guardia Nacional, la violencia disminuir\u00e1, asegur\u00f3 el presidente Andr\u00e9s Manuel L\u00f3pez Obrador, quien fij\u00f3 un plazo de seis meses para obtener resultados.<\/p>\n\n\n\n<p>Explic\u00f3 que a la fecha, en materia de seguridad, el trabajo ha sido estabilizar la criminalidad, &#8220;que ya no contin\u00fae la tendencia al crecimiento en violencia en el pa\u00eds&#8221;.<\/p>\n\n\n\n<p>En conferencia de prensa se\u00f1al\u00f3 que todo ello lleva tiempo porque en el periodo neoliberal se dej\u00f3 al pa\u00eds en una situaci\u00f3n lamentable, pero se lograr\u00e1 revertir esa tendencia.<\/p>\n\n\n\n<p>Precis\u00f3 que la corrupci\u00f3n era una tendencia al alza con (los expresidentes Vicente) Fox, (Felipe) Calder\u00f3n y (Enrique) Pe\u00f1a (Nieto); aument\u00f3 la violencia desde la \u00e9poca de Calder\u00f3n, pero ya nos estamos estabilizando, ya no contin\u00faa la tendencia de crecimiento, esperamos que en seis meses tengamos resultados&#8221;.<\/p>\n\n\n\n<p>Sobre el nombramiento del fiscal de Veracruz, Jorge Winckler, observ\u00f3 que su designaci\u00f3n es yerro del otrora gobernador Miguel \u00c1ngel Yunes: &#8220;Fue un error que el gobernador pasado dejara un fiscal&#8221;, a\u00f1adi\u00f3 al precisar que su administraci\u00f3n no ser\u00e1 tapadera de nadie.<\/p>\n\n\n\n<p>Durante la conferencia, el Ejecutivo federal present\u00f3 la tendencia diaria de homicidios dolosos del 21 de marzo al 21 de abril. Las nueve entidades con el mayor n\u00famero de homicidios de mujeres en el pa\u00eds son, Estado de M\u00e9xico, con 46; Veracruz, con 20; Ciudad de M\u00e9xico, 19; Guanajuato, 16; Jalisco, 14; Guerrero, 13; Puebla, 12; Tamaulipas, 12 y Morelos, 11.<\/p>\n\n\n\n<p>Inform\u00f3 que los ocho municipios con m\u00e1s homicidios de mujeres son: Tijuana, con 10; Ciudad Ju\u00e1rez, ocho; Acapulco, siete; Minatitl\u00e1n, seis; Naucalpan, seis; Reynosa, seis; Cajeme, cinco, y la alcald\u00eda de Gustavo A. Madero, con cinco.<\/p>\n\n\n\n<p>Sobre el memor\u00e1ndum que emiti\u00f3 la semana pasada para dejar sin efecto la reforma educativa aprobada en el sexenio anterior, cuestion\u00f3 el que haya incluso columnistas que se &#8220;rasguen las vestiduras&#8221;&nbsp; cuando ellos fueron alcahuetes, cuando se impuso a la fuerza la mal llamada reforma educativa.<\/p>\n\n\n\n<p>Tambi\u00e9n rechaz\u00f3 que haya un pacto en lo &#8220;oscurito&#8221; con la exdirigente magisterial, Elba Esther Gordillo Morles para devolverle sus bienes, &#8220;esa es una volada&#8221;, expres\u00f3 y dej\u00f3 claro que \u00e9l no se presta a ninguna componenda.<\/p>\n","protected":false},"excerpt":{"rendered":"<p>En la medida que se vayan consolidando tres acciones como son: eliminar la base social juvenil de la que echaba mano la delincuencia organizada, los programas de apoyo y bienestar, y la Guardia Nacional, la violencia disminuir\u00e1, asegur\u00f3 el presidente Andr\u00e9s Manuel L\u00f3pez Obrador, quien fij\u00f3 un plazo de seis meses para obtener resultados. Explic\u00f3 [&hellip;]<\/p>\n","protected":false},"author":1,"featured_media":2762,"comment_status":"open","ping_status":"open","sticky":true,"template":"","format":"standard","meta":{"footnotes":""},"categories":[2],"tags":[],"_links":{"self":[{"href":"https:\/\/diariodigitalmx.com\/index.php\/wp-json\/wp\/v2\/posts\/2761"}],"collection":[{"href":"https:\/\/diariodigitalmx.com\/index.php\/wp-json\/wp\/v2\/posts"}],"about":[{"href":"https:\/\/diariodigitalmx.com\/index.php\/wp-json\/wp\/v2\/types\/post"}],"author":[{"embeddable":true,"href":"https:\/\/diariodigitalmx.com\/index.php\/wp-json\/wp\/v2\/users\/1"}],"replies":[{"embeddable":true,"href":"https:\/\/diariodigitalmx.com\/index.php\/wp-json\/wp\/v2\/comments?post=2761"}],"version-history":[{"count":1,"href":"https:\/\/diariodigitalmx.com\/index.php\/wp-json\/wp\/v2\/posts\/2761\/revisions"}],"predecessor-version":[{"id":2763,"href":"https:\/\/diariodigitalmx.com\/index.php\/wp-json\/wp\/v2\/posts\/2761\/revisions\/2763"}],"wp:featuredmedia":[{"embeddable":true,"href":"https:\/\/diariodigitalmx.com\/index.php\/wp-json\/wp\/v2\/media\/2762"}],"wp:attachment":[{"href":"https:\/\/diariodigitalmx.com\/index.php\/wp-json\/wp\/v2\/media?parent=2761"}],"wp:term":[{"taxonomy":"category","embeddable":true,"href":"https:\/\/diariodigitalmx.com\/index.php\/wp-json\/wp\/v2\/categories?post=2761"},{"taxonomy":"post_tag","embeddable":true,"href":"https:\/\/diariodigitalmx.com\/index.php\/wp-json\/wp\/v2\/tags?post=2761"}],"curies":[{"name":"wp","href":"https:\/\/api.w.org\/{rel}","templated":true}]}}