{"id":2797,"date":"2019-04-22T22:06:45","date_gmt":"2019-04-23T03:06:45","guid":{"rendered":"http:\/\/diariodigitalmx.com\/?p=2797"},"modified":"2019-04-22T22:07:13","modified_gmt":"2019-04-23T03:07:13","slug":"adiccion-desafia-invita-a-caravana-gobierno-advierte-que-la-disolvera","status":"publish","type":"post","link":"https:\/\/diariodigitalmx.com\/index.php\/2019\/04\/22\/adiccion-desafia-invita-a-caravana-gobierno-advierte-que-la-disolvera\/","title":{"rendered":"Adicci\u00f3n desaf\u00eda, invita a caravana; Gobierno advierte que la disolver\u00e1"},"content":{"rendered":"\n<p>*Mucha seguridad en el cl\u00e1sico regio<br> <\/p>\n\n\n\n<p><\/p>\n\n\n\n<p>Alejandra Olmedo<br>Monterrey, N. L- Mientras que seguidores del equipo de f\u00fatbol Rayados de Monterrey, desaf\u00edo a la autoridad y convoc\u00f3 a una marcha para asistir al cl\u00e1sico contra Tigres, el Gobierno estatal advirti\u00f3 que de disolver\u00e1 la caravana si se realiza.<br><\/p>\n\n\n\n<p>Este martes se realizar\u00e1 en el estadio Universitario el juego de ida por el campeonato de la Concacaf en donde los dos equipos regios llegan a la final pero el &nbsp;Gobierno exhorta a la ciudadan\u00eda en general a hacer de esta final de f\u00fatbol una fiesta familiar que abone a la unidad y la sana convivencia. <br><br>Sin embargo, a trav\u00e9s de redes sociales circula una invitaci\u00f3n, al parecer de La Adicci\u00f3n, la porra de Rayados, para realizar una caravana hacia el Estadio Universitario, pese a que est\u00e1n prohibidas.<br><br> &#8220;La \u00fanica y Tradicional&#8221; convoca a la &#8220;Caravana al Cl\u00e1sico, Final Concacaf 2019&#8221;, dice la invitaci\u00f3n.<br><br>&#8220;Pintemos San Nicol\u00e1s de Azul y Blanco&#8221;, a\u00f1ade y la firma como &#8220;MTY Ladr\u00f3n de mi Cerebro&#8221;, como regularmente lo hace La Adicci\u00f3n.\u00b7 &nbsp;&nbsp;&nbsp;&nbsp;&nbsp;<br><\/p>\n\n\n\n<p> \u201cPersonal de Fuerza Civil y corporaciones estatales disolver\u00e1 las caravanas que detecten, garantizando en todo momento el respeto a los derechos humanos; y proceder\u00e1 a detener y poner a disposici\u00f3n del Ministerio P\u00fablico a cualquier persona que violente la normatividad o ponga en riesgo la seguridad de cualquier ciudadano\u201d, advirti\u00f3 el Estado.<br><\/p>\n\n\n\n<p>En diciembre de 2017, el Gobierno firm\u00f3 una serie de acuerdos con las directivas de ambos equipos, donde cada una de las partes asumi\u00f3 una serie de compromisos con el \u00fanico fin de garantizar la seguridad de asistentes y ciudadanos en general, entre ellos evitar las marchas o &nbsp;caravanas rumbo a los estadios.<br><br>Por lo anterior, el Gobierno &nbsp;exhorta  a todos los involucrados, tanto barras y afici\u00f3n en general como directivas de los equipos, a respetar tales acuerdos &nbsp;y disfrutar de este evento deportivo en un ambiente sano y propicio para la convivencia y disfrute de todas las familias nuevoleonesas.<br><\/p>\n\n\n\n<p>Para el &nbsp;cl\u00e1sico regio, ser\u00e1n 300 los elementos de distintas corporaciones municipales del municipio de San Nicol\u00e1s quienes resguarden el Universitario para evitar incidentes.<br><br>Jos\u00e9 Doria, secretario de Seguridad municipal, anunci\u00f3 que estar\u00e1 &nbsp;incluido personal de Protecci\u00f3n Civil y  oficiales de Tr\u00e1nsito.<br><br>Reiter\u00f3 que no se permitir\u00e1n las caravanas de ning\u00fan equipo y pidi\u00f3 a los aficionados no acudir a los alrededores del recinto si no cuentan con un boleto para ingresar.<br><br>&#8220;Es lo habitual, lo que ya estamos acostumbrados a realizar. Exhortamos a que vengan temprano, que si no tienen boleto, ni se acerquen. Las caravanas est\u00e1n prohibidas, solamente vamos a permitir el ingreso a quienes tengan boleto para ver el partido&#8221;.<\/p>\n\n\n\n<p><\/p>\n\n\n\n<figure class=\"wp-block-image\"><img loading=\"lazy\" decoding=\"async\" width=\"940\" height=\"615\" src=\"http:\/\/diariodigitalmx.com\/wp-content\/uploads\/2019\/04\/cropw0h0cropw0h0155a0143focus00940615.jpg\" alt=\"\" class=\"wp-image-2803\" srcset=\"https:\/\/diariodigitalmx.com\/wp-content\/uploads\/2019\/04\/cropw0h0cropw0h0155a0143focus00940615.jpg 940w, https:\/\/diariodigitalmx.com\/wp-content\/uploads\/2019\/04\/cropw0h0cropw0h0155a0143focus00940615-300x196.jpg 300w, https:\/\/diariodigitalmx.com\/wp-content\/uploads\/2019\/04\/cropw0h0cropw0h0155a0143focus00940615-768x502.jpg 768w\" sizes=\"(max-width: 940px) 100vw, 940px\" \/><\/figure>\n","protected":false},"excerpt":{"rendered":"<p>*Mucha seguridad en el cl\u00e1sico regio Alejandra OlmedoMonterrey, N. L- Mientras que seguidores del equipo de f\u00fatbol Rayados de Monterrey, desaf\u00edo a la autoridad y convoc\u00f3 a una marcha para asistir al cl\u00e1sico contra Tigres, el Gobierno estatal advirti\u00f3 que de disolver\u00e1 la caravana si se realiza. Este martes se realizar\u00e1 en el estadio Universitario [&hellip;]<\/p>\n","protected":false},"author":1,"featured_media":2801,"comment_status":"open","ping_status":"open","sticky":false,"template":"","format":"standard","meta":{"footnotes":""},"categories":[8,3],"tags":[],"_links":{"self":[{"href":"https:\/\/diariodigitalmx.com\/index.php\/wp-json\/wp\/v2\/posts\/2797"}],"collection":[{"href":"https:\/\/diariodigitalmx.com\/index.php\/wp-json\/wp\/v2\/posts"}],"about":[{"href":"https:\/\/diariodigitalmx.com\/index.php\/wp-json\/wp\/v2\/types\/post"}],"author":[{"embeddable":true,"href":"https:\/\/diariodigitalmx.com\/index.php\/wp-json\/wp\/v2\/users\/1"}],"replies":[{"embeddable":true,"href":"https:\/\/diariodigitalmx.com\/index.php\/wp-json\/wp\/v2\/comments?post=2797"}],"version-history":[{"count":5,"href":"https:\/\/diariodigitalmx.com\/index.php\/wp-json\/wp\/v2\/posts\/2797\/revisions"}],"predecessor-version":[{"id":2804,"href":"https:\/\/diariodigitalmx.com\/index.php\/wp-json\/wp\/v2\/posts\/2797\/revisions\/2804"}],"wp:featuredmedia":[{"embeddable":true,"href":"https:\/\/diariodigitalmx.com\/index.php\/wp-json\/wp\/v2\/media\/2801"}],"wp:attachment":[{"href":"https:\/\/diariodigitalmx.com\/index.php\/wp-json\/wp\/v2\/media?parent=2797"}],"wp:term":[{"taxonomy":"category","embeddable":true,"href":"https:\/\/diariodigitalmx.com\/index.php\/wp-json\/wp\/v2\/categories?post=2797"},{"taxonomy":"post_tag","embeddable":true,"href":"https:\/\/diariodigitalmx.com\/index.php\/wp-json\/wp\/v2\/tags?post=2797"}],"curies":[{"name":"wp","href":"https:\/\/api.w.org\/{rel}","templated":true}]}}