{"id":2805,"date":"2019-04-23T12:26:31","date_gmt":"2019-04-23T17:26:31","guid":{"rendered":"http:\/\/diariodigitalmx.com\/?p=2805"},"modified":"2019-04-23T12:26:32","modified_gmt":"2019-04-23T17:26:32","slug":"muere-juan-jose-la-cobra-munante-legendario-puma","status":"publish","type":"post","link":"https:\/\/diariodigitalmx.com\/index.php\/2019\/04\/23\/muere-juan-jose-la-cobra-munante-legendario-puma\/","title":{"rendered":"Muere Juan Jos\u00e9 &#8220;La Cobra&#8221; Mu\u00f1ante, legendario  Puma"},"content":{"rendered":"\n<p>&#8220;La Cobra&#8221;, Juan Jos\u00e9 Mu\u00f1ante, jugador hist\u00f3rico de los Pumas de la  Universidad y art\u00edfice de los primeros t\u00edtulos de los felinos  en la Primera Divisi\u00f3n, muri\u00f3 este martes.<\/p>\n\n\n\n<p>Era llamado  &#8220;la cobra&#8221; por su forma tan destacada de jugar. Un fuera de serie, imparable por la banda derecha. Mu\u00f1ante fue seleccionado de Per\u00fa entre 1967 y 1978 y destac\u00f3 en el Mundial de Argentina 1978.<\/p>\n\n\n\n\n\n<p>Mu\u00f1ante lleg\u00f3 a M\u00e9xico en 1973 al Atl\u00e9tico Espa\u00f1ol, donde jug\u00f3 dos temporadas para despu\u00e9s pasar a los Pumas de la UNAM. Tuvo como compa\u00f1eros a Evanivaldo Castro &#8216;Cabinho&#8217; y Hugo S\u00e1nchez.<\/p>\n\n\n\n<figure class=\"wp-block-image\"><img loading=\"lazy\" decoding=\"async\" width=\"424\" height=\"465\" src=\"http:\/\/diariodigitalmx.com\/wp-content\/uploads\/2019\/04\/images-6.jpeg\" alt=\"\" class=\"wp-image-2809\" srcset=\"https:\/\/diariodigitalmx.com\/wp-content\/uploads\/2019\/04\/images-6.jpeg 424w, https:\/\/diariodigitalmx.com\/wp-content\/uploads\/2019\/04\/images-6-274x300.jpeg 274w\" sizes=\"(max-width: 424px) 100vw, 424px\" \/><\/figure>\n\n\n\n<figure class=\"wp-block-image\"><img loading=\"lazy\" decoding=\"async\" width=\"798\" height=\"507\" src=\"http:\/\/diariodigitalmx.com\/wp-content\/uploads\/2019\/04\/2019-04-23_12-04-20___3482.jpg\" alt=\"\" class=\"wp-image-2811\" srcset=\"https:\/\/diariodigitalmx.com\/wp-content\/uploads\/2019\/04\/2019-04-23_12-04-20___3482.jpg 798w, https:\/\/diariodigitalmx.com\/wp-content\/uploads\/2019\/04\/2019-04-23_12-04-20___3482-300x191.jpg 300w, https:\/\/diariodigitalmx.com\/wp-content\/uploads\/2019\/04\/2019-04-23_12-04-20___3482-768x488.jpg 768w\" sizes=\"(max-width: 798px) 100vw, 798px\" \/><\/figure>\n","protected":false},"excerpt":{"rendered":"<p>&#8220;La Cobra&#8221;, Juan Jos\u00e9 Mu\u00f1ante, jugador hist\u00f3rico de los Pumas de la Universidad y art\u00edfice de los primeros t\u00edtulos de los felinos en la Primera Divisi\u00f3n, muri\u00f3 este martes. Era llamado &#8220;la cobra&#8221; por su forma tan destacada de jugar. Un fuera de serie, imparable por la banda derecha. Mu\u00f1ante fue seleccionado de Per\u00fa entre [&hellip;]<\/p>\n","protected":false},"author":1,"featured_media":2807,"comment_status":"open","ping_status":"open","sticky":false,"template":"","format":"standard","meta":{"footnotes":""},"categories":[8,3,1],"tags":[],"_links":{"self":[{"href":"https:\/\/diariodigitalmx.com\/index.php\/wp-json\/wp\/v2\/posts\/2805"}],"collection":[{"href":"https:\/\/diariodigitalmx.com\/index.php\/wp-json\/wp\/v2\/posts"}],"about":[{"href":"https:\/\/diariodigitalmx.com\/index.php\/wp-json\/wp\/v2\/types\/post"}],"author":[{"embeddable":true,"href":"https:\/\/diariodigitalmx.com\/index.php\/wp-json\/wp\/v2\/users\/1"}],"replies":[{"embeddable":true,"href":"https:\/\/diariodigitalmx.com\/index.php\/wp-json\/wp\/v2\/comments?post=2805"}],"version-history":[{"count":4,"href":"https:\/\/diariodigitalmx.com\/index.php\/wp-json\/wp\/v2\/posts\/2805\/revisions"}],"predecessor-version":[{"id":2812,"href":"https:\/\/diariodigitalmx.com\/index.php\/wp-json\/wp\/v2\/posts\/2805\/revisions\/2812"}],"wp:featuredmedia":[{"embeddable":true,"href":"https:\/\/diariodigitalmx.com\/index.php\/wp-json\/wp\/v2\/media\/2807"}],"wp:attachment":[{"href":"https:\/\/diariodigitalmx.com\/index.php\/wp-json\/wp\/v2\/media?parent=2805"}],"wp:term":[{"taxonomy":"category","embeddable":true,"href":"https:\/\/diariodigitalmx.com\/index.php\/wp-json\/wp\/v2\/categories?post=2805"},{"taxonomy":"post_tag","embeddable":true,"href":"https:\/\/diariodigitalmx.com\/index.php\/wp-json\/wp\/v2\/tags?post=2805"}],"curies":[{"name":"wp","href":"https:\/\/api.w.org\/{rel}","templated":true}]}}