{"id":28126,"date":"2020-04-14T09:55:42","date_gmt":"2020-04-14T14:55:42","guid":{"rendered":"http:\/\/diariodigitalmx.com\/?p=28126"},"modified":"2020-04-14T09:56:44","modified_gmt":"2020-04-14T14:56:44","slug":"alaba-trump-a-amlo-por-postura-en-reduccion-petrolera","status":"publish","type":"post","link":"https:\/\/diariodigitalmx.com\/index.php\/2020\/04\/14\/alaba-trump-a-amlo-por-postura-en-reduccion-petrolera\/","title":{"rendered":"Alaba Trump a AMLO por postura en reducci\u00f3n petrolera"},"content":{"rendered":"\n<p>Por Rogelio Romero<\/p>\n\n\n\n<p>Estados Unidos.- El presidente de Estados Unidos, Donald Trump, se\u00f1alo que \u201cel presidente de M\u00e9xico, Andr\u00e9s Manuel L\u00f3pez Obrador mostr\u00f3 gran flexibilidad y una inteligencia tremenda por hacer lo que hizo, no fue f\u00e1cil para \u00e9l y quiero agradecerle\u201d, en relaci\u00f3n la postura mostrada por M\u00e9xico, ante los recortes de la producci\u00f3n mundial de petr\u00f3leo.<\/p>\n\n\n\n<p>Agreg\u00f3 que el presidente mexicano se ha convertido en un buen amigo, ambos mandatarios han sostenido por lo menos 2 di\u00e1logos en los \u00faltimos dias en referencia a las negociaciones que se requer\u00edan para acordar una reducci\u00f3n en su producci\u00f3n de petr\u00f3leo, en el caso de M\u00e9xico fue de 100 mil barriles, lo que ser\u00e1 suplementado por Estados Unidos con un aporte de 300 mil barriles de crudo haca su vecino del sur.<\/p>\n\n\n\n<p>Trump asegur\u00f3 que la postura y acuerdo final al que lleg\u00f3 la OPEP de reducir la producci\u00f3n mundial a 9.5 millones de barriles diarios entre sus miembros asi como aliados no es definitiva, y que se podrian presentar m\u00e1s recortes en e futuro inmediato.<\/p>\n\n\n\n<p>Para el mandatario estadounidense la reduccion en la producci\u00f3n mundial de crudo podr\u00eda ser de entre 15 y 20 millones.<\/p>\n\n\n\n<p>Esto entre los productores que forman la OPEP y el grupo de paises&nbsp;&nbsp;del bloque de los G-20, lo que ayudar\u00eda a estabilizar finalmente los precios internacionales del crudo, cuyos mercados commenaron a dar muestras de mejor\u00eda esta semana.<\/p>\n\n\n\n<p>De acuerdo a datos del gobierno mexicano la ca\u00edda de la producci\u00f3n petrolera interna tenia 14 a\u00f1os sucediendo, adem\u00e1s&nbsp;&nbsp;se par\u00f3 la inversi\u00f3n estatal en la construcci\u00f3n de nuevas refinar\u00edas.<\/p>\n","protected":false},"excerpt":{"rendered":"<p>Por Rogelio Romero Estados Unidos.- El presidente de Estados Unidos, Donald Trump, se\u00f1alo que \u201cel presidente de M\u00e9xico, Andr\u00e9s Manuel L\u00f3pez Obrador mostr\u00f3 gran flexibilidad y una inteligencia tremenda por hacer lo que hizo, no fue f\u00e1cil para \u00e9l y quiero agradecerle\u201d, en relaci\u00f3n la postura mostrada por M\u00e9xico, ante los recortes de la producci\u00f3n [&hellip;]<\/p>\n","protected":false},"author":1,"featured_media":28130,"comment_status":"open","ping_status":"open","sticky":true,"template":"","format":"standard","meta":{"footnotes":""},"categories":[4,5],"tags":[],"_links":{"self":[{"href":"https:\/\/diariodigitalmx.com\/index.php\/wp-json\/wp\/v2\/posts\/28126"}],"collection":[{"href":"https:\/\/diariodigitalmx.com\/index.php\/wp-json\/wp\/v2\/posts"}],"about":[{"href":"https:\/\/diariodigitalmx.com\/index.php\/wp-json\/wp\/v2\/types\/post"}],"author":[{"embeddable":true,"href":"https:\/\/diariodigitalmx.com\/index.php\/wp-json\/wp\/v2\/users\/1"}],"replies":[{"embeddable":true,"href":"https:\/\/diariodigitalmx.com\/index.php\/wp-json\/wp\/v2\/comments?post=28126"}],"version-history":[{"count":2,"href":"https:\/\/diariodigitalmx.com\/index.php\/wp-json\/wp\/v2\/posts\/28126\/revisions"}],"predecessor-version":[{"id":28128,"href":"https:\/\/diariodigitalmx.com\/index.php\/wp-json\/wp\/v2\/posts\/28126\/revisions\/28128"}],"wp:featuredmedia":[{"embeddable":true,"href":"https:\/\/diariodigitalmx.com\/index.php\/wp-json\/wp\/v2\/media\/28130"}],"wp:attachment":[{"href":"https:\/\/diariodigitalmx.com\/index.php\/wp-json\/wp\/v2\/media?parent=28126"}],"wp:term":[{"taxonomy":"category","embeddable":true,"href":"https:\/\/diariodigitalmx.com\/index.php\/wp-json\/wp\/v2\/categories?post=28126"},{"taxonomy":"post_tag","embeddable":true,"href":"https:\/\/diariodigitalmx.com\/index.php\/wp-json\/wp\/v2\/tags?post=28126"}],"curies":[{"name":"wp","href":"https:\/\/api.w.org\/{rel}","templated":true}]}}