{"id":2813,"date":"2019-04-23T12:51:07","date_gmt":"2019-04-23T17:51:07","guid":{"rendered":"http:\/\/diariodigitalmx.com\/?p=2813"},"modified":"2019-04-23T12:56:51","modified_gmt":"2019-04-23T17:56:51","slug":"pena-nieto-de-vacaciones-en-la-playa-con-su-hija-nicole-y-con-tania-ruiz","status":"publish","type":"post","link":"https:\/\/diariodigitalmx.com\/index.php\/2019\/04\/23\/pena-nieto-de-vacaciones-en-la-playa-con-su-hija-nicole-y-con-tania-ruiz\/","title":{"rendered":"Pe\u00f1a Nieto de vacaciones en la playa con su hija Nicole&#8230; \u00bfy con Tania Ruiz?"},"content":{"rendered":"\n<p>En Instagram compartieron las fotos del expresidente de M\u00e9xico disfrutando del agua<\/p>\n\n\n\n<p>De nueva cuenta, el expresidente de M\u00e9xico, Enrique Pe\u00f1a Nieto fue parte de los reflectores, luego de que su hija Nicole publicara en Instagram unas fotos con su pap\u00e1 durante unas vacaciones en la playa.<\/p>\n\n\n\n<p>En las im\u00e1genes se observa a Enrique con su hija dentro del mar, abrazados y muy sonrientes. Acompa\u00f1ando la foto, la joven public\u00f3 el siguiente texto: &#8220;<em>Gotta do more, gotta be more&#8221;.<\/em><\/p>\n\n\n\n\n\n<p>Lo que caus\u00f3 controversia y muchas especulaciones es que Tania Ruiz, presunta novia de Pe\u00f1a Nieto, tambi\u00e9n hizo publicas unas im\u00e1genes en la playa.PUBLICIDAD<\/p>\n\n\n\n\n\n<p>Dichas fotograf\u00edas, despertaron la opini\u00f3n de los usuarios de las redes sociales, debido a que varios argumentaron que ambos pudieran estar pasando las vacaciones juntos como \u2018familia\u2019.<\/p>\n\n\n\n<p>No obstante, en sus publicaciones, Tania aparece sola y en uno de sus pies de foto, habla sobre el amor a uno mismo, la libertad y lo que el silencio &#8221; te dice para volver a encontrarte&#8221;.<\/p>\n\n\n\n\n\n<figure class=\"wp-block-image\"><img loading=\"lazy\" decoding=\"async\" width=\"400\" height=\"250\" src=\"http:\/\/diariodigitalmx.com\/wp-content\/uploads\/2019\/04\/pe\u00f1a-nieto-en-la-playa-1.jpg\" alt=\"\" class=\"wp-image-2820\" srcset=\"https:\/\/diariodigitalmx.com\/wp-content\/uploads\/2019\/04\/pe\u00f1a-nieto-en-la-playa-1.jpg 400w, https:\/\/diariodigitalmx.com\/wp-content\/uploads\/2019\/04\/pe\u00f1a-nieto-en-la-playa-1-300x188.jpg 300w\" sizes=\"(max-width: 400px) 100vw, 400px\" \/><\/figure>\n","protected":false},"excerpt":{"rendered":"<p>En Instagram compartieron las fotos del expresidente de M\u00e9xico disfrutando del agua De nueva cuenta, el expresidente de M\u00e9xico, Enrique Pe\u00f1a Nieto fue parte de los reflectores, luego de que su hija Nicole publicara en Instagram unas fotos con su pap\u00e1 durante unas vacaciones en la playa. En las im\u00e1genes se observa a Enrique con [&hellip;]<\/p>\n","protected":false},"author":1,"featured_media":2819,"comment_status":"open","ping_status":"open","sticky":false,"template":"","format":"standard","meta":{"footnotes":""},"categories":[9,3,1],"tags":[],"_links":{"self":[{"href":"https:\/\/diariodigitalmx.com\/index.php\/wp-json\/wp\/v2\/posts\/2813"}],"collection":[{"href":"https:\/\/diariodigitalmx.com\/index.php\/wp-json\/wp\/v2\/posts"}],"about":[{"href":"https:\/\/diariodigitalmx.com\/index.php\/wp-json\/wp\/v2\/types\/post"}],"author":[{"embeddable":true,"href":"https:\/\/diariodigitalmx.com\/index.php\/wp-json\/wp\/v2\/users\/1"}],"replies":[{"embeddable":true,"href":"https:\/\/diariodigitalmx.com\/index.php\/wp-json\/wp\/v2\/comments?post=2813"}],"version-history":[{"count":6,"href":"https:\/\/diariodigitalmx.com\/index.php\/wp-json\/wp\/v2\/posts\/2813\/revisions"}],"predecessor-version":[{"id":2821,"href":"https:\/\/diariodigitalmx.com\/index.php\/wp-json\/wp\/v2\/posts\/2813\/revisions\/2821"}],"wp:featuredmedia":[{"embeddable":true,"href":"https:\/\/diariodigitalmx.com\/index.php\/wp-json\/wp\/v2\/media\/2819"}],"wp:attachment":[{"href":"https:\/\/diariodigitalmx.com\/index.php\/wp-json\/wp\/v2\/media?parent=2813"}],"wp:term":[{"taxonomy":"category","embeddable":true,"href":"https:\/\/diariodigitalmx.com\/index.php\/wp-json\/wp\/v2\/categories?post=2813"},{"taxonomy":"post_tag","embeddable":true,"href":"https:\/\/diariodigitalmx.com\/index.php\/wp-json\/wp\/v2\/tags?post=2813"}],"curies":[{"name":"wp","href":"https:\/\/api.w.org\/{rel}","templated":true}]}}