{"id":28131,"date":"2020-04-14T09:58:25","date_gmt":"2020-04-14T14:58:25","guid":{"rendered":"http:\/\/diariodigitalmx.com\/?p=28131"},"modified":"2020-04-14T09:59:07","modified_gmt":"2020-04-14T14:59:07","slug":"en-tamaulipas-obligatorio-el-uso-de-cubrebocas","status":"publish","type":"post","link":"https:\/\/diariodigitalmx.com\/index.php\/2020\/04\/14\/en-tamaulipas-obligatorio-el-uso-de-cubrebocas\/","title":{"rendered":"En Tamaulipas, obligatorio el uso de cubrebocas"},"content":{"rendered":"\n<p><strong>*Se abrir\u00e1n&nbsp;&nbsp;8 hospitales m\u00f3viles en Tamaulipas<\/strong><\/p>\n\n\n\n<p><strong>Por Rogelio Romero<\/strong><\/p>\n\n\n\n<p><strong>Cd. Victoria, Tamaulipas. El gobernador de Tamaulipas, Francisco Garc\u00eda Cabeza de Vaca se\u00f1al\u00f3 que ya es obligatorio el uso de cubre bocas en el estado, esto como medida de prevenci\u00f3n y al entrar en la fase tres de contingencia sanitaria, por la pandemia de Covid-19.<\/strong><\/p>\n\n\n\n<p><strong>Inform\u00f3 que se pondr\u00e1n en marcha 8 hospitales m\u00f3viles en la entidad con capacidad para atender cada uno a 320 pacientes de Covid-19, y que se adherir\u00e1n&nbsp;&nbsp;a los&nbsp;&nbsp;ya existentes en varias ciudades del estado.<\/strong><\/p>\n\n\n\n<p><strong>El gobierno estatal cuenta con cuatro hospitales que atienden a pacientes que padecen el virus respiratorio, en los municipios de Soto La Marina, Reynosa, Altamira y la capital Cd. Victoria con una capacidad de 240 camas.<\/strong><\/p>\n\n\n\n<p><strong>Adem\u00e1s de que tambi\u00e9n se abri\u00f3 en la capital del estado, el&nbsp;&nbsp;Centro de Atenci\u00f3n e Informaci\u00f3n de Covid-19, donde se concentrar\u00e1n todos los esfuerzos de salud as\u00ed como seguimiento de casos que se registren en la entidad.<\/strong><\/p>\n\n\n\n<p><strong>Las autoridades de salud estatal aclararon que la poblaci\u00f3n deber\u00e1 usar los cubre bocas cuando salgan de casa, pero que la principal medida de prevenci\u00f3n sigue siendo el permanecer en los hogares.<\/strong><\/p>\n\n\n\n<p><strong>De acuerdo a la informaci\u00f3n proporcionada por la titular de salud de Tamaulipas, Gloria Molina Gamboa se reportaron 4 casos m\u00e1s este pasado lunes, elev\u00e1ndose a 80 el n\u00famero de contagios.<\/strong><\/p>\n","protected":false},"excerpt":{"rendered":"<p>*Se abrir\u00e1n&nbsp;&nbsp;8 hospitales m\u00f3viles en Tamaulipas Por Rogelio Romero Cd. Victoria, Tamaulipas. El gobernador de Tamaulipas, Francisco Garc\u00eda Cabeza de Vaca se\u00f1al\u00f3 que ya es obligatorio el uso de cubre bocas en el estado, esto como medida de prevenci\u00f3n y al entrar en la fase tres de contingencia sanitaria, por la pandemia de Covid-19. Inform\u00f3 [&hellip;]<\/p>\n","protected":false},"author":1,"featured_media":28134,"comment_status":"open","ping_status":"open","sticky":true,"template":"","format":"standard","meta":{"footnotes":""},"categories":[2,5],"tags":[],"_links":{"self":[{"href":"https:\/\/diariodigitalmx.com\/index.php\/wp-json\/wp\/v2\/posts\/28131"}],"collection":[{"href":"https:\/\/diariodigitalmx.com\/index.php\/wp-json\/wp\/v2\/posts"}],"about":[{"href":"https:\/\/diariodigitalmx.com\/index.php\/wp-json\/wp\/v2\/types\/post"}],"author":[{"embeddable":true,"href":"https:\/\/diariodigitalmx.com\/index.php\/wp-json\/wp\/v2\/users\/1"}],"replies":[{"embeddable":true,"href":"https:\/\/diariodigitalmx.com\/index.php\/wp-json\/wp\/v2\/comments?post=28131"}],"version-history":[{"count":1,"href":"https:\/\/diariodigitalmx.com\/index.php\/wp-json\/wp\/v2\/posts\/28131\/revisions"}],"predecessor-version":[{"id":28132,"href":"https:\/\/diariodigitalmx.com\/index.php\/wp-json\/wp\/v2\/posts\/28131\/revisions\/28132"}],"wp:featuredmedia":[{"embeddable":true,"href":"https:\/\/diariodigitalmx.com\/index.php\/wp-json\/wp\/v2\/media\/28134"}],"wp:attachment":[{"href":"https:\/\/diariodigitalmx.com\/index.php\/wp-json\/wp\/v2\/media?parent=28131"}],"wp:term":[{"taxonomy":"category","embeddable":true,"href":"https:\/\/diariodigitalmx.com\/index.php\/wp-json\/wp\/v2\/categories?post=28131"},{"taxonomy":"post_tag","embeddable":true,"href":"https:\/\/diariodigitalmx.com\/index.php\/wp-json\/wp\/v2\/tags?post=28131"}],"curies":[{"name":"wp","href":"https:\/\/api.w.org\/{rel}","templated":true}]}}