{"id":28210,"date":"2020-04-15T09:26:32","date_gmt":"2020-04-15T14:26:32","guid":{"rendered":"http:\/\/diariodigitalmx.com\/?p=28210"},"modified":"2020-04-15T09:27:15","modified_gmt":"2020-04-15T14:27:15","slug":"por-cierto-238","status":"publish","type":"post","link":"https:\/\/diariodigitalmx.com\/index.php\/2020\/04\/15\/por-cierto-238\/","title":{"rendered":"Por cierto&#8230;"},"content":{"rendered":"\n<p>\u00d3scar Tamez Rodr\u00edguez<\/p>\n\n\n\n<p>El presidente parece reaccionar a los n\u00fameros de las encuestas donde su aceptaci\u00f3n anda baja. Vaya, sus declaraciones pol\u00edticas en medio de la crisis sanitaria no reflejan otra cosa, primero porque es muy desafortunado hablar de su reelecci\u00f3n en medio de su peor momento en lo que va del mandato, segundo, porque habla de modificar la Constituci\u00f3n a modo, lo cual no es buen s\u00edntoma, pues en su caso, no deber\u00eda aplicar en su persona la reforma de la revocaci\u00f3n de mandato y tercero, porque sabiendo que su Morena trae menos de 20 puntos de aceptaci\u00f3n, busca meterse a las boletas en el 2021. Le est\u00e1 pasando a todo el que est\u00e1 en medio de una crisis y reacciona con desesperaci\u00f3n: a cada paso, crece el problema.<br><a rel=\"noreferrer noopener\" href=\"http:\/\/www.estudiospoliticos.mx\/\" target=\"_blank\">www.estudiospoliticos.mx<\/a><a rel=\"noreferrer noopener\" href=\"http:\/\/www.twitter.com\/@EstudiosMx\" target=\"_blank\">www.Twitter.com\/@EstudiosMx<\/a><a rel=\"noreferrer noopener\" href=\"http:\/\/www.facebook.com\/EstudiosPoliticos.mx\" target=\"_blank\">www.Facebook.com\/EstudiosPoliticos.mx<\/a><br><\/p>\n","protected":false},"excerpt":{"rendered":"<p>\u00d3scar Tamez Rodr\u00edguez El presidente parece reaccionar a los n\u00fameros de las encuestas donde su aceptaci\u00f3n anda baja. Vaya, sus declaraciones pol\u00edticas en medio de la crisis sanitaria no reflejan otra cosa, primero porque es muy desafortunado hablar de su reelecci\u00f3n en medio de su peor momento en lo que va del mandato, segundo, porque [&hellip;]<\/p>\n","protected":false},"author":1,"featured_media":28213,"comment_status":"open","ping_status":"open","sticky":true,"template":"","format":"standard","meta":{"footnotes":""},"categories":[12,5],"tags":[],"_links":{"self":[{"href":"https:\/\/diariodigitalmx.com\/index.php\/wp-json\/wp\/v2\/posts\/28210"}],"collection":[{"href":"https:\/\/diariodigitalmx.com\/index.php\/wp-json\/wp\/v2\/posts"}],"about":[{"href":"https:\/\/diariodigitalmx.com\/index.php\/wp-json\/wp\/v2\/types\/post"}],"author":[{"embeddable":true,"href":"https:\/\/diariodigitalmx.com\/index.php\/wp-json\/wp\/v2\/users\/1"}],"replies":[{"embeddable":true,"href":"https:\/\/diariodigitalmx.com\/index.php\/wp-json\/wp\/v2\/comments?post=28210"}],"version-history":[{"count":1,"href":"https:\/\/diariodigitalmx.com\/index.php\/wp-json\/wp\/v2\/posts\/28210\/revisions"}],"predecessor-version":[{"id":28211,"href":"https:\/\/diariodigitalmx.com\/index.php\/wp-json\/wp\/v2\/posts\/28210\/revisions\/28211"}],"wp:featuredmedia":[{"embeddable":true,"href":"https:\/\/diariodigitalmx.com\/index.php\/wp-json\/wp\/v2\/media\/28213"}],"wp:attachment":[{"href":"https:\/\/diariodigitalmx.com\/index.php\/wp-json\/wp\/v2\/media?parent=28210"}],"wp:term":[{"taxonomy":"category","embeddable":true,"href":"https:\/\/diariodigitalmx.com\/index.php\/wp-json\/wp\/v2\/categories?post=28210"},{"taxonomy":"post_tag","embeddable":true,"href":"https:\/\/diariodigitalmx.com\/index.php\/wp-json\/wp\/v2\/tags?post=28210"}],"curies":[{"name":"wp","href":"https:\/\/api.w.org\/{rel}","templated":true}]}}