{"id":28214,"date":"2020-04-15T13:11:18","date_gmt":"2020-04-15T18:11:18","guid":{"rendered":"http:\/\/diariodigitalmx.com\/?p=28214"},"modified":"2020-04-15T13:25:12","modified_gmt":"2020-04-15T18:25:12","slug":"28214","status":"publish","type":"post","link":"https:\/\/diariodigitalmx.com\/index.php\/2020\/04\/15\/28214\/","title":{"rendered":"Alimentos y Kits de de higiene, entrega Asociaciones Vecinales &#8220;Teresa Serv\u00edn L\u00f3pez&#8221;"},"content":{"rendered":"\n<p>*Es el momento el actual, de salir con las medidas de seguridad para demostrar con hechos que estamos con la gente, dice Osvaldo Serna Serv\u00edn, presidente de la organizaci\u00f3n<\/p>\n\n\n\n<figure class=\"wp-block-image\"><img loading=\"lazy\" decoding=\"async\" width=\"768\" height=\"1024\" src=\"http:\/\/diariodigitalmx.com\/wp-content\/uploads\/2020\/04\/IMG-20200414-WA0018-768x1024.jpg\" alt=\"\" class=\"wp-image-28223\" srcset=\"https:\/\/diariodigitalmx.com\/wp-content\/uploads\/2020\/04\/IMG-20200414-WA0018-768x1024.jpg 768w, https:\/\/diariodigitalmx.com\/wp-content\/uploads\/2020\/04\/IMG-20200414-WA0018-225x300.jpg 225w, https:\/\/diariodigitalmx.com\/wp-content\/uploads\/2020\/04\/IMG-20200414-WA0018.jpg 864w\" sizes=\"(max-width: 768px) 100vw, 768px\" \/><\/figure>\n\n\n\n<p>La actividad de la Federaci\u00f3n de Organizaciones Vecinales &#8220;Teresa Serv\u00edn L\u00f3pez&#8221; no se detiene y mucho menos en estos momentos de contingencia sanitaria que, requieren del apoyo solidario con las familias.<\/p>\n\n\n\n<p><br><\/p>\n\n\n\n<figure class=\"wp-block-image\"><img loading=\"lazy\" decoding=\"async\" width=\"768\" height=\"1024\" src=\"http:\/\/diariodigitalmx.com\/wp-content\/uploads\/2020\/04\/IMG-20200414-WA0023-768x1024.jpg\" alt=\"\" class=\"wp-image-28225\" srcset=\"https:\/\/diariodigitalmx.com\/wp-content\/uploads\/2020\/04\/IMG-20200414-WA0023-768x1024.jpg 768w, https:\/\/diariodigitalmx.com\/wp-content\/uploads\/2020\/04\/IMG-20200414-WA0023-225x300.jpg 225w, https:\/\/diariodigitalmx.com\/wp-content\/uploads\/2020\/04\/IMG-20200414-WA0023.jpg 864w\" sizes=\"(max-width: 768px) 100vw, 768px\" \/><\/figure>\n\n\n\n<p>En esta ocasi\u00f3n se acudi\u00f3 a la colonia Prados del Virrey en el municipio de Apodaca donde los brigadistas entregaron kit de higiene que contienen gel antibacterial y cubrebocas, as\u00ed como despensas que permiten paliar la situaci\u00f3n econ\u00f3mica que ya viven miles de personas.<\/p>\n\n\n\n<p><br><\/p>\n\n\n\n<figure class=\"wp-block-image\"><img loading=\"lazy\" decoding=\"async\" width=\"768\" height=\"1024\" src=\"http:\/\/diariodigitalmx.com\/wp-content\/uploads\/2020\/04\/IMG-20200414-WA0020-1-768x1024.jpg\" alt=\"\" class=\"wp-image-28227\" srcset=\"https:\/\/diariodigitalmx.com\/wp-content\/uploads\/2020\/04\/IMG-20200414-WA0020-1-768x1024.jpg 768w, https:\/\/diariodigitalmx.com\/wp-content\/uploads\/2020\/04\/IMG-20200414-WA0020-1-225x300.jpg 225w, https:\/\/diariodigitalmx.com\/wp-content\/uploads\/2020\/04\/IMG-20200414-WA0020-1.jpg 864w\" sizes=\"(max-width: 768px) 100vw, 768px\" \/><\/figure>\n\n\n\n<figure class=\"wp-block-image\"><img loading=\"lazy\" decoding=\"async\" width=\"768\" height=\"1024\" src=\"http:\/\/diariodigitalmx.com\/wp-content\/uploads\/2020\/04\/IMG-20200415-WA0001-768x1024.jpg\" alt=\"\" class=\"wp-image-28230\" srcset=\"https:\/\/diariodigitalmx.com\/wp-content\/uploads\/2020\/04\/IMG-20200415-WA0001-768x1024.jpg 768w, https:\/\/diariodigitalmx.com\/wp-content\/uploads\/2020\/04\/IMG-20200415-WA0001-225x300.jpg 225w, https:\/\/diariodigitalmx.com\/wp-content\/uploads\/2020\/04\/IMG-20200415-WA0001.jpg 864w\" sizes=\"(max-width: 768px) 100vw, 768px\" \/><\/figure>\n\n\n\n<p>Osvaldo Serna Serv\u00edn, presidente de la Federaci\u00f3n de Organizaciones Vecinales inform\u00f3 que seguir\u00e1n con el apoyo a las familias para contribuir con alimentos. &#8220;Ya se vive una situaci\u00f3n dif\u00edcil por la crisis econ\u00f3mica derivada de la pandemia y la contingencia, y es ahora cuando se conocen a los amigos, a los pol\u00edticos, a los l\u00edderes de organizaciones diversas; aqu\u00ed estamos y seguiremos con nuestra peque\u00f1a pero sincera aportaci\u00f3n para las familias&#8221; explica el tambi\u00e9n dirigente de la Federaci\u00f3n Estatal de Sindicatos de Trabajadores del Autotransporte -FESTA- organismo adherido a la aut\u00e9ntica CROC de Nuevo Le\u00f3n.<\/p>\n\n\n\n<p><br><\/p>\n\n\n\n<figure class=\"wp-block-image\"><img loading=\"lazy\" decoding=\"async\" width=\"768\" height=\"1024\" src=\"http:\/\/diariodigitalmx.com\/wp-content\/uploads\/2020\/04\/IMG-20200414-WA0017-768x1024.jpg\" alt=\"\" class=\"wp-image-28241\" srcset=\"https:\/\/diariodigitalmx.com\/wp-content\/uploads\/2020\/04\/IMG-20200414-WA0017-768x1024.jpg 768w, https:\/\/diariodigitalmx.com\/wp-content\/uploads\/2020\/04\/IMG-20200414-WA0017-225x300.jpg 225w, https:\/\/diariodigitalmx.com\/wp-content\/uploads\/2020\/04\/IMG-20200414-WA0017.jpg 864w\" sizes=\"(max-width: 768px) 100vw, 768px\" \/><\/figure>\n\n\n\n<p>En esta ocasi\u00f3n, la brigada de apoyo tambi\u00e9n la encabezaron Hector Castro, secretario general de la Base de Secci\u00f3n no. 1 y Yaneth Almaguer, que, no han dejado de laborar junto a otros grupos croquistas y mantienen su cuartel en el edificio de la CROC estatal que encabeza como secretario general C\u00e9sar Alberto Serna de Le\u00f3n.<\/p>\n\n\n\n<p><br><\/p>\n\n\n\n<figure class=\"wp-block-image\"><img loading=\"lazy\" decoding=\"async\" width=\"768\" height=\"1024\" src=\"http:\/\/diariodigitalmx.com\/wp-content\/uploads\/2020\/04\/IMG-20200415-WA0004-768x1024.jpg\" alt=\"\" class=\"wp-image-28233\" srcset=\"https:\/\/diariodigitalmx.com\/wp-content\/uploads\/2020\/04\/IMG-20200415-WA0004-768x1024.jpg 768w, https:\/\/diariodigitalmx.com\/wp-content\/uploads\/2020\/04\/IMG-20200415-WA0004-225x300.jpg 225w, https:\/\/diariodigitalmx.com\/wp-content\/uploads\/2020\/04\/IMG-20200415-WA0004.jpg 864w\" sizes=\"(max-width: 768px) 100vw, 768px\" \/><\/figure>\n\n\n\n<figure class=\"wp-block-image\"><img loading=\"lazy\" decoding=\"async\" width=\"768\" height=\"1024\" src=\"http:\/\/diariodigitalmx.com\/wp-content\/uploads\/2020\/04\/IMG-20200414-WA0019-1-768x1024.jpg\" alt=\"\" class=\"wp-image-28236\" srcset=\"https:\/\/diariodigitalmx.com\/wp-content\/uploads\/2020\/04\/IMG-20200414-WA0019-1-768x1024.jpg 768w, https:\/\/diariodigitalmx.com\/wp-content\/uploads\/2020\/04\/IMG-20200414-WA0019-1-225x300.jpg 225w, https:\/\/diariodigitalmx.com\/wp-content\/uploads\/2020\/04\/IMG-20200414-WA0019-1.jpg 864w\" sizes=\"(max-width: 768px) 100vw, 768px\" \/><\/figure>\n\n\n\n<p>Desde hace dos a\u00f1os y medio la Federaci\u00f3n de Asociaciones Vecinales &#8220;Teresa Serv\u00edn L\u00f3pez&#8221; no ha parado actividades y sus brigadas han recorrido barrios y colonias de los municipios de la zona metropolitana de Monterrey, aunque en esta situaci\u00f3n de emergencia cambiaron sus esquemas de apoyo para enfocarse a resolver problemas de alimentos y de salud.<\/p>\n\n\n\n<p><br><\/p>\n\n\n\n<figure class=\"wp-block-image\"><img loading=\"lazy\" decoding=\"async\" width=\"768\" height=\"1024\" src=\"http:\/\/diariodigitalmx.com\/wp-content\/uploads\/2020\/04\/IMG-20200414-WA0022-768x1024.jpg\" alt=\"\" class=\"wp-image-28238\" srcset=\"https:\/\/diariodigitalmx.com\/wp-content\/uploads\/2020\/04\/IMG-20200414-WA0022-768x1024.jpg 768w, https:\/\/diariodigitalmx.com\/wp-content\/uploads\/2020\/04\/IMG-20200414-WA0022-225x300.jpg 225w, https:\/\/diariodigitalmx.com\/wp-content\/uploads\/2020\/04\/IMG-20200414-WA0022.jpg 864w\" sizes=\"(max-width: 768px) 100vw, 768px\" \/><\/figure>\n\n\n\n<p>Aunque la crisis pega tambi\u00e9n a los taxistas y transporte urbano, adem\u00e1s de los no asalariados, en la CROC y sus organizaciones y sindicatos compartimos con los m\u00e1s necesitados, indic\u00f3 Osvaldo Serna.<br><\/p>\n\n\n\n<figure class=\"wp-block-image\"><img loading=\"lazy\" decoding=\"async\" width=\"768\" height=\"1024\" src=\"http:\/\/diariodigitalmx.com\/wp-content\/uploads\/2020\/04\/IMG-20200414-WA0028-768x1024.jpg\" alt=\"\" class=\"wp-image-28244\" srcset=\"https:\/\/diariodigitalmx.com\/wp-content\/uploads\/2020\/04\/IMG-20200414-WA0028-768x1024.jpg 768w, https:\/\/diariodigitalmx.com\/wp-content\/uploads\/2020\/04\/IMG-20200414-WA0028-225x300.jpg 225w, https:\/\/diariodigitalmx.com\/wp-content\/uploads\/2020\/04\/IMG-20200414-WA0028.jpg 864w\" sizes=\"(max-width: 768px) 100vw, 768px\" \/><\/figure>\n\n\n\n<p><\/p>\n","protected":false},"excerpt":{"rendered":"<p>*Es el momento el actual, de salir con las medidas de seguridad para demostrar con hechos que estamos con la gente, dice Osvaldo Serna Serv\u00edn, presidente de la organizaci\u00f3n La actividad de la Federaci\u00f3n de Organizaciones Vecinales &#8220;Teresa Serv\u00edn L\u00f3pez&#8221; no se detiene y mucho menos en estos momentos de contingencia sanitaria que, requieren del [&hellip;]<\/p>\n","protected":false},"author":1,"featured_media":28221,"comment_status":"open","ping_status":"open","sticky":true,"template":"","format":"standard","meta":{"footnotes":""},"categories":[6,5],"tags":[],"_links":{"self":[{"href":"https:\/\/diariodigitalmx.com\/index.php\/wp-json\/wp\/v2\/posts\/28214"}],"collection":[{"href":"https:\/\/diariodigitalmx.com\/index.php\/wp-json\/wp\/v2\/posts"}],"about":[{"href":"https:\/\/diariodigitalmx.com\/index.php\/wp-json\/wp\/v2\/types\/post"}],"author":[{"embeddable":true,"href":"https:\/\/diariodigitalmx.com\/index.php\/wp-json\/wp\/v2\/users\/1"}],"replies":[{"embeddable":true,"href":"https:\/\/diariodigitalmx.com\/index.php\/wp-json\/wp\/v2\/comments?post=28214"}],"version-history":[{"count":12,"href":"https:\/\/diariodigitalmx.com\/index.php\/wp-json\/wp\/v2\/posts\/28214\/revisions"}],"predecessor-version":[{"id":28245,"href":"https:\/\/diariodigitalmx.com\/index.php\/wp-json\/wp\/v2\/posts\/28214\/revisions\/28245"}],"wp:featuredmedia":[{"embeddable":true,"href":"https:\/\/diariodigitalmx.com\/index.php\/wp-json\/wp\/v2\/media\/28221"}],"wp:attachment":[{"href":"https:\/\/diariodigitalmx.com\/index.php\/wp-json\/wp\/v2\/media?parent=28214"}],"wp:term":[{"taxonomy":"category","embeddable":true,"href":"https:\/\/diariodigitalmx.com\/index.php\/wp-json\/wp\/v2\/categories?post=28214"},{"taxonomy":"post_tag","embeddable":true,"href":"https:\/\/diariodigitalmx.com\/index.php\/wp-json\/wp\/v2\/tags?post=28214"}],"curies":[{"name":"wp","href":"https:\/\/api.w.org\/{rel}","templated":true}]}}