{"id":28256,"date":"2020-04-15T16:09:36","date_gmt":"2020-04-15T21:09:36","guid":{"rendered":"http:\/\/diariodigitalmx.com\/?p=28256"},"modified":"2020-04-15T16:10:54","modified_gmt":"2020-04-15T21:10:54","slug":"28256","status":"publish","type":"post","link":"https:\/\/diariodigitalmx.com\/index.php\/2020\/04\/15\/28256\/","title":{"rendered":"El agua en Monterrey se acaba; entramos en contingencia tambi\u00e9n"},"content":{"rendered":"\n<p>Monterrey, N. L- Adem\u00e1s de la emergencia por el covid-19, la zona conurbada de Monterrey corre el riesgo de entrar en la contingencia por la falta de agua, cuyo consumo se dispar\u00f3 por la cuarentena hasta en un 30 por ciento m\u00e1s.<\/p>\n\n\n\n<p><\/p>\n\n\n\n<p>El verano se adelant\u00f3 en Nuevo Le\u00f3n desde el quince de marzo y se consume m\u00e1s agua como si fuera julio y agosto y ahora, las fuentes de abasto est\u00e1n disminuidas y solo se garantiza suministro para poco m\u00e1s de once meses sin llover, dice el director de la empresa paraestatal Agua y Drenaje de Monterrey, Gerardo Garza.<br><\/p>\n\n\n\n<p>&#8220;Hoy que estamos en una contingencia de salud por el tema del Covid-19, tambi\u00e9n estamos entrando en una contingencia para el abasto de agua para el Estado. Estamos en una \u00e9poca de crisis de salud. Tuvimos un d\u00eda sin mujeres, no queremos llegar a una crisis de agua, ayuden a cuidar el agua, sean razonables y racionales con el uso del agua&#8221;, dice el funcionario en un v\u00eddeo donde muestra la baja de nivel en la presa Cerro Prieto.<br><\/p>\n\n\n\n<p>El consumo ha sido a partir de 16.3 metros c\u00fabicos, cuando normalmente en esta temporada&nbsp; es de 13.2 metros c\u00fabicos, es decir, un incremento de m\u00e1s del 20 por ciento. \u201cSon consumos propios del verano, como si estuvi\u00e9ramos en julio y agosto\u201d, afirma.<br><\/p>\n\n\n\n<p>D\u00f3nde se gasta m\u00e1s agua en casa es en la regadera, por cada minuto que se mantiene abierta la llave se tiran aproximadamente 20 litros, hay que reutilizar el agua para otros lugares como el sanitario, la lavadora, regar plantas o barrer las calles&#8221;, explic\u00f3 y hace un llamado a ba\u00f1arse en tres minutos cuando mucho..<br><\/p>\n\n\n\n<p>La exhortaci\u00f3n&nbsp; es a cuidar el agua, no desperdiciarla y no regar jardines entre otras medidas para no tener que acudir a medidas dr\u00e1sticas de reducci\u00f3n del suministro.<br><\/p>\n\n\n\n<p>&#8220;Estamos en la Presa Cerro Prieto, una de las principales fuentes de abasto para Monterrey, si se puede notar las im\u00e1genes hablan m\u00e1s de lo que yo les pueda decir&#8221;, se\u00f1ala Gerardo Garza en el v\u00eddeo.<br><\/p>\n\n\n\n<p>Las tres presas de abasto de agua tienen ahora una capacidad de entre 66 y 70 por ciento de su total de llenado,&nbsp; cuando en su vaso pueden albergar 1,462.50 millones de metros c\u00fabicos.<br><\/p>\n\n\n\n<p><\/p>\n\n\n\n<p><\/p>\n\n\n\n<p><\/p>\n\n\n\n<p><\/p>\n","protected":false},"excerpt":{"rendered":"<p>Monterrey, N. L- Adem\u00e1s de la emergencia por el covid-19, la zona conurbada de Monterrey corre el riesgo de entrar en la contingencia por la falta de agua, cuyo consumo se dispar\u00f3 por la cuarentena hasta en un 30 por ciento m\u00e1s. El verano se adelant\u00f3 en Nuevo Le\u00f3n desde el quince de marzo y [&hellip;]<\/p>\n","protected":false},"author":1,"featured_media":28260,"comment_status":"open","ping_status":"open","sticky":true,"template":"","format":"standard","meta":{"footnotes":""},"categories":[14,6],"tags":[],"_links":{"self":[{"href":"https:\/\/diariodigitalmx.com\/index.php\/wp-json\/wp\/v2\/posts\/28256"}],"collection":[{"href":"https:\/\/diariodigitalmx.com\/index.php\/wp-json\/wp\/v2\/posts"}],"about":[{"href":"https:\/\/diariodigitalmx.com\/index.php\/wp-json\/wp\/v2\/types\/post"}],"author":[{"embeddable":true,"href":"https:\/\/diariodigitalmx.com\/index.php\/wp-json\/wp\/v2\/users\/1"}],"replies":[{"embeddable":true,"href":"https:\/\/diariodigitalmx.com\/index.php\/wp-json\/wp\/v2\/comments?post=28256"}],"version-history":[{"count":2,"href":"https:\/\/diariodigitalmx.com\/index.php\/wp-json\/wp\/v2\/posts\/28256\/revisions"}],"predecessor-version":[{"id":28258,"href":"https:\/\/diariodigitalmx.com\/index.php\/wp-json\/wp\/v2\/posts\/28256\/revisions\/28258"}],"wp:featuredmedia":[{"embeddable":true,"href":"https:\/\/diariodigitalmx.com\/index.php\/wp-json\/wp\/v2\/media\/28260"}],"wp:attachment":[{"href":"https:\/\/diariodigitalmx.com\/index.php\/wp-json\/wp\/v2\/media?parent=28256"}],"wp:term":[{"taxonomy":"category","embeddable":true,"href":"https:\/\/diariodigitalmx.com\/index.php\/wp-json\/wp\/v2\/categories?post=28256"},{"taxonomy":"post_tag","embeddable":true,"href":"https:\/\/diariodigitalmx.com\/index.php\/wp-json\/wp\/v2\/tags?post=28256"}],"curies":[{"name":"wp","href":"https:\/\/api.w.org\/{rel}","templated":true}]}}