{"id":2827,"date":"2019-04-23T17:52:29","date_gmt":"2019-04-23T22:52:29","guid":{"rendered":"http:\/\/diariodigitalmx.com\/?p=2827"},"modified":"2019-04-23T17:52:31","modified_gmt":"2019-04-23T22:52:31","slug":"por-cierto-31","status":"publish","type":"post","link":"https:\/\/diariodigitalmx.com\/index.php\/2019\/04\/23\/por-cierto-31\/","title":{"rendered":"Por cierto"},"content":{"rendered":"\n<p> \u00d3scar Tamez Rodr\u00edguez<br><\/p>\n\n\n\n<p>El asunto de las guarder\u00edas sigue adelante. <\/p>\n\n\n\n<p>Recordemos un juez decret\u00f3 que el poder ejecutivo debe seguir con la aplicaci\u00f3n del programa como hasta el gobierno anterior. Vaya, mucho se habla de invasi\u00f3n a la autonom\u00eda de los poderes en M\u00e9xico, este es un caso. El poder judicial no puede dictar las reglas de operaci\u00f3n de las pol\u00edticas p\u00fablicas del poder ejecutivo. <\/p>\n\n\n\n<p>Esperemos a ver qu\u00e9 resuelve la SCJN, por lo pronto aqu\u00ed lo dijimos antes que todos, es inconstitucional la decisi\u00f3n del juez chihuahuense. Veremos en qu\u00e9 termina el pleito&#8230; <\/p>\n\n\n\n<p>Hablando de pleitos, parece que Morena padece el s\u00edndrome de partido en el poder. <\/p>\n\n\n\n<p>Es que las zancadillas y pisotones est\u00e1n a la orden del d\u00eda. Nada fuera de orden cuando hay un poder el cual disputar; ya lo vivieron el PRI y el PAN. Tomemos asiento que estar\u00e1 bueno el round.\u00a0<\/p>\n\n\n\n<p><a rel=\"noreferrer noopener\" href=\"http:\/\/www.estudiospoliticos.mx\/\" target=\"_blank\">www.estudiospoliticos.mx<\/a><\/p>\n\n\n\n<p><a rel=\"noreferrer noopener\" href=\"http:\/\/facebook.com\/EstudiosPoliticos.mx\" target=\"_blank\">Facebook.com\/EstudiosPoliticos.mx<\/a><\/p>\n\n\n\n<p>@EstudiosMx<br><\/p>\n","protected":false},"excerpt":{"rendered":"<p>\u00d3scar Tamez Rodr\u00edguez El asunto de las guarder\u00edas sigue adelante. Recordemos un juez decret\u00f3 que el poder ejecutivo debe seguir con la aplicaci\u00f3n del programa como hasta el gobierno anterior. Vaya, mucho se habla de invasi\u00f3n a la autonom\u00eda de los poderes en M\u00e9xico, este es un caso. El poder judicial no puede dictar las [&hellip;]<\/p>\n","protected":false},"author":1,"featured_media":1596,"comment_status":"open","ping_status":"open","sticky":true,"template":"","format":"standard","meta":{"footnotes":""},"categories":[12],"tags":[],"_links":{"self":[{"href":"https:\/\/diariodigitalmx.com\/index.php\/wp-json\/wp\/v2\/posts\/2827"}],"collection":[{"href":"https:\/\/diariodigitalmx.com\/index.php\/wp-json\/wp\/v2\/posts"}],"about":[{"href":"https:\/\/diariodigitalmx.com\/index.php\/wp-json\/wp\/v2\/types\/post"}],"author":[{"embeddable":true,"href":"https:\/\/diariodigitalmx.com\/index.php\/wp-json\/wp\/v2\/users\/1"}],"replies":[{"embeddable":true,"href":"https:\/\/diariodigitalmx.com\/index.php\/wp-json\/wp\/v2\/comments?post=2827"}],"version-history":[{"count":1,"href":"https:\/\/diariodigitalmx.com\/index.php\/wp-json\/wp\/v2\/posts\/2827\/revisions"}],"predecessor-version":[{"id":2828,"href":"https:\/\/diariodigitalmx.com\/index.php\/wp-json\/wp\/v2\/posts\/2827\/revisions\/2828"}],"wp:featuredmedia":[{"embeddable":true,"href":"https:\/\/diariodigitalmx.com\/index.php\/wp-json\/wp\/v2\/media\/1596"}],"wp:attachment":[{"href":"https:\/\/diariodigitalmx.com\/index.php\/wp-json\/wp\/v2\/media?parent=2827"}],"wp:term":[{"taxonomy":"category","embeddable":true,"href":"https:\/\/diariodigitalmx.com\/index.php\/wp-json\/wp\/v2\/categories?post=2827"},{"taxonomy":"post_tag","embeddable":true,"href":"https:\/\/diariodigitalmx.com\/index.php\/wp-json\/wp\/v2\/tags?post=2827"}],"curies":[{"name":"wp","href":"https:\/\/api.w.org\/{rel}","templated":true}]}}