{"id":28384,"date":"2020-04-17T07:43:03","date_gmt":"2020-04-17T12:43:03","guid":{"rendered":"http:\/\/diariodigitalmx.com\/?p=28384"},"modified":"2020-04-17T07:44:38","modified_gmt":"2020-04-17T12:44:38","slug":"por-cierto-240","status":"publish","type":"post","link":"https:\/\/diariodigitalmx.com\/index.php\/2020\/04\/17\/por-cierto-240\/","title":{"rendered":"Por cierto&#8230;"},"content":{"rendered":"\n<p>\u00d3scar Tamez Rodr\u00edguez<\/p>\n\n\n\n<p>Como dec\u00eda mi abuela Juana, \u201cse est\u00e1n muriendo muchos que antes no se mor\u00edan\u201d. Es que parece ser cierto, estamos en el ojo del hurac\u00e1n en esta pandemia y peor que se pondr\u00e1 las siguientes semanas, as\u00ed que cu\u00eddese\u2026 Otra v\u00edctima del bicho parece ser Manuel Gonz\u00e1lez Flores que est\u00e1 desaparecido por completo y quien gana todos los reflectores es su tocayo Manuel de la O, quien adem\u00e1s de ruedas de prensa, aparece en cada corte comercial de los canales de televisi\u00f3n a cuadro en spot publicitarios. Como estoy viejo para creer en casualidades y buena Fe, sobre todo con un personaje quien se distingui\u00f3 por poco afable con los medios como lo es el secretario de salud en NL; todo indica que ser\u00e1 candidato independiente. \u00bfA qu\u00e9?, hagan sus apuestas, pero de que pasa de la Secretar\u00eda General de Gobierno a la candidatura, de eso esperemos a que termine la crisis por el bicho y veremos.<br><a rel=\"noreferrer noopener\" href=\"http:\/\/www.estudiospoliticos.mx\/\" target=\"_blank\">www.estudiospoliticos.mx<\/a><a rel=\"noreferrer noopener\" href=\"http:\/\/www.twitter.com\/@EstudiosMx\" target=\"_blank\">www.Twitter.com\/@EstudiosMx<\/a><a rel=\"noreferrer noopener\" href=\"http:\/\/www.facebook.com\/EstudiosPoliticos.mx\" target=\"_blank\">www.Facebook.com\/EstudiosPoliticos.mx<\/a><\/p>\n\n\n\n<p><\/p>\n","protected":false},"excerpt":{"rendered":"<p>\u00d3scar Tamez Rodr\u00edguez Como dec\u00eda mi abuela Juana, \u201cse est\u00e1n muriendo muchos que antes no se mor\u00edan\u201d. Es que parece ser cierto, estamos en el ojo del hurac\u00e1n en esta pandemia y peor que se pondr\u00e1 las siguientes semanas, as\u00ed que cu\u00eddese\u2026 Otra v\u00edctima del bicho parece ser Manuel Gonz\u00e1lez Flores que est\u00e1 desaparecido por [&hellip;]<\/p>\n","protected":false},"author":1,"featured_media":28387,"comment_status":"open","ping_status":"open","sticky":true,"template":"","format":"standard","meta":{"footnotes":""},"categories":[12,5],"tags":[],"_links":{"self":[{"href":"https:\/\/diariodigitalmx.com\/index.php\/wp-json\/wp\/v2\/posts\/28384"}],"collection":[{"href":"https:\/\/diariodigitalmx.com\/index.php\/wp-json\/wp\/v2\/posts"}],"about":[{"href":"https:\/\/diariodigitalmx.com\/index.php\/wp-json\/wp\/v2\/types\/post"}],"author":[{"embeddable":true,"href":"https:\/\/diariodigitalmx.com\/index.php\/wp-json\/wp\/v2\/users\/1"}],"replies":[{"embeddable":true,"href":"https:\/\/diariodigitalmx.com\/index.php\/wp-json\/wp\/v2\/comments?post=28384"}],"version-history":[{"count":2,"href":"https:\/\/diariodigitalmx.com\/index.php\/wp-json\/wp\/v2\/posts\/28384\/revisions"}],"predecessor-version":[{"id":28386,"href":"https:\/\/diariodigitalmx.com\/index.php\/wp-json\/wp\/v2\/posts\/28384\/revisions\/28386"}],"wp:featuredmedia":[{"embeddable":true,"href":"https:\/\/diariodigitalmx.com\/index.php\/wp-json\/wp\/v2\/media\/28387"}],"wp:attachment":[{"href":"https:\/\/diariodigitalmx.com\/index.php\/wp-json\/wp\/v2\/media?parent=28384"}],"wp:term":[{"taxonomy":"category","embeddable":true,"href":"https:\/\/diariodigitalmx.com\/index.php\/wp-json\/wp\/v2\/categories?post=28384"},{"taxonomy":"post_tag","embeddable":true,"href":"https:\/\/diariodigitalmx.com\/index.php\/wp-json\/wp\/v2\/tags?post=28384"}],"curies":[{"name":"wp","href":"https:\/\/api.w.org\/{rel}","templated":true}]}}