{"id":2870,"date":"2019-04-24T11:39:32","date_gmt":"2019-04-24T16:39:32","guid":{"rendered":"http:\/\/diariodigitalmx.com\/?p=2870"},"modified":"2019-04-24T11:39:33","modified_gmt":"2019-04-24T16:39:33","slug":"aldo-por-el-bronco","status":"publish","type":"post","link":"https:\/\/diariodigitalmx.com\/index.php\/2019\/04\/24\/aldo-por-el-bronco\/","title":{"rendered":"Aldo por \u201cEl Bronco\u201d"},"content":{"rendered":"\n<p><br> Por Salvador Hern\u00e1ndez LANDEROS<\/p>\n\n\n\n<p><br> Tras el esc\u00e1ndalo generado por lo ocurrido en \u201cEl Semillero\u201d, los Diputados deber\u00edan designar a Aldo Fasci como Gobernador sustituto por \u201cEl Bronco\u201d.<br> Cero y van tres, que el Secretario de Seguridad P\u00fablica ha mostrado m\u00e1s capacidad que Jaime Rodr\u00edguez Calder\u00f3n, incluso, exhibi\u00e9ndole su corrupci\u00f3n.<\/p>\n\n\n\n<p><br> Fue necesario que ocurriera un hecho mortal y la implicaci\u00f3n de seis polic\u00edas para que Aldo, con cinco meses en el gabinete, pusiera orden donde no la hab\u00eda.<\/p>\n\n\n\n<p><br> Despu\u00e9s de tres a\u00f1os de operar la Direcci\u00f3n General de Inteligencia de la SSP, Aldo dijo que: \u201cEsta unidad, a la que est\u00e1n adscritos unos 200 elementos, entre personal no uniformado y polic\u00edas de Fuerza Civil, no tiene raz\u00f3n de ser porque el trabajo de investigaci\u00f3n depende de la Fiscal\u00eda General\u201d.<\/p>\n\n\n\n<p><br> Lo que el Gobernador consinti\u00f3 durante tres a\u00f1os, Fasci Zuazua fue contundente: \u201cNo tiene caso que hagamos investigaciones\u201d. Adem\u00e1s, agreg\u00f3: \u201cLo que tenemos que &#8220;Lo que tenemos que generar es inteligencia de escritorio, y que no anden en la calle haciendo cosas indebidas&#8221;.<br> \u00bfCu\u00e1ntas m\u00e1s \u201ccosas indebidas\u201d habr\u00e1n cometido en tres a\u00f1os esos 200 elementos sin que ocurriera la muerte de alg\u00fan involucrado? Pero lleg\u00f3 Aldo.<\/p>\n\n\n\n<p><br> La corrupci\u00f3n en la SSP hab\u00eda sido \u201cel pan nuestro de cada d\u00eda\u201d hasta que Aldo condicion\u00f3 a \u201cEl Bronco\u201d que le dejar\u00e1 el control total o renunciaba.<br> Aldo ataj\u00f3 la corrupci\u00f3n, inclusive en la adquisici\u00f3n del \u201cDron\u201d con un costo superior a los 50 millones de pesos, \u00e9l se deslindo diciendo: \u201cYo ni lo compr\u00e9\u201d.<\/p>\n\n\n\n<p><br> En el caso actual, han aflorado una serie de declaraciones y sobre todo \u201csentimientos encontrados\u201d. La polic\u00eda Regia captur\u00f3 a los polic\u00edas estatales.<br> Y, por otro lado, la Fiscal\u00eda General, que interpuso una controversia constitucional para solicitar m\u00e1s recursos al Estado. \u00bfSe los dar\u00e1n ahora?<br> chavalolanderos@yahoo.com.mx<\/p>\n","protected":false},"excerpt":{"rendered":"<p>Por Salvador Hern\u00e1ndez LANDEROS Tras el esc\u00e1ndalo generado por lo ocurrido en \u201cEl Semillero\u201d, los Diputados deber\u00edan designar a Aldo Fasci como Gobernador sustituto por \u201cEl Bronco\u201d. Cero y van tres, que el Secretario de Seguridad P\u00fablica ha mostrado m\u00e1s capacidad que Jaime Rodr\u00edguez Calder\u00f3n, incluso, exhibi\u00e9ndole su corrupci\u00f3n. Fue necesario que ocurriera un hecho [&hellip;]<\/p>\n","protected":false},"author":1,"featured_media":2871,"comment_status":"open","ping_status":"open","sticky":true,"template":"","format":"standard","meta":{"footnotes":""},"categories":[12],"tags":[],"_links":{"self":[{"href":"https:\/\/diariodigitalmx.com\/index.php\/wp-json\/wp\/v2\/posts\/2870"}],"collection":[{"href":"https:\/\/diariodigitalmx.com\/index.php\/wp-json\/wp\/v2\/posts"}],"about":[{"href":"https:\/\/diariodigitalmx.com\/index.php\/wp-json\/wp\/v2\/types\/post"}],"author":[{"embeddable":true,"href":"https:\/\/diariodigitalmx.com\/index.php\/wp-json\/wp\/v2\/users\/1"}],"replies":[{"embeddable":true,"href":"https:\/\/diariodigitalmx.com\/index.php\/wp-json\/wp\/v2\/comments?post=2870"}],"version-history":[{"count":1,"href":"https:\/\/diariodigitalmx.com\/index.php\/wp-json\/wp\/v2\/posts\/2870\/revisions"}],"predecessor-version":[{"id":2872,"href":"https:\/\/diariodigitalmx.com\/index.php\/wp-json\/wp\/v2\/posts\/2870\/revisions\/2872"}],"wp:featuredmedia":[{"embeddable":true,"href":"https:\/\/diariodigitalmx.com\/index.php\/wp-json\/wp\/v2\/media\/2871"}],"wp:attachment":[{"href":"https:\/\/diariodigitalmx.com\/index.php\/wp-json\/wp\/v2\/media?parent=2870"}],"wp:term":[{"taxonomy":"category","embeddable":true,"href":"https:\/\/diariodigitalmx.com\/index.php\/wp-json\/wp\/v2\/categories?post=2870"},{"taxonomy":"post_tag","embeddable":true,"href":"https:\/\/diariodigitalmx.com\/index.php\/wp-json\/wp\/v2\/tags?post=2870"}],"curies":[{"name":"wp","href":"https:\/\/api.w.org\/{rel}","templated":true}]}}