{"id":2917,"date":"2019-04-25T08:15:09","date_gmt":"2019-04-25T13:15:09","guid":{"rendered":"http:\/\/diariodigitalmx.com\/?p=2917"},"modified":"2019-04-25T08:15:10","modified_gmt":"2019-04-25T13:15:10","slug":"celebra-amlo-cancelacion-de-reforma-educativa","status":"publish","type":"post","link":"https:\/\/diariodigitalmx.com\/index.php\/2019\/04\/25\/celebra-amlo-cancelacion-de-reforma-educativa\/","title":{"rendered":"Celebra AMLO cancelaci\u00f3n de reforma educativa"},"content":{"rendered":"\n<h3 class=\"wp-block-heading\"><\/h3>\n\n\n\n<p><strong>Armando Zu\u00f1iga <\/strong><\/p>\n\n\n\n<p><strong>El Presidente&nbsp;Andr\u00e9s Manuel L\u00f3pez Obrador,&nbsp;celebr\u00f3 la decisi\u00f3n de los diputados de cancelar la reforma educativa, asegurando que \u00e9sta se defini\u00f3 en el extranjero por organismos financieros internacionales y que acat\u00f3 Enrique Pe\u00f1a Nieto.<\/strong><\/p>\n\n\n\n<p><strong>En la conferencia ma\u00f1anera 105,<\/strong><strong>dijo que en t\u00e9rminos generales se cumple con el prop\u00f3sito de cancelar la reforma educativa de Enrique Pe\u00f1a Nieto con la aprobaci\u00f3n de la nueva reforma en la C\u00e1mara de Diputados.<\/strong><\/p>\n\n\n\n<p><strong>\u201c<\/strong><strong>Es claro que los del partido conservador (PAN), voten en contra, por mantener lo mismo, casi todos votaron por cancelar la Reforma Educativa, menos los de un partido conservador. Qu\u00e9 bien que sin simulaci\u00f3n, fuera m\u00e1scaras, hacer a un lado la hipocres\u00eda, as\u00ed se debe de actuar\u201d, coment\u00f3.<\/strong><\/p>\n\n\n\n<p><strong>Respecto a que el coordinador parlamentario del PAN, Juan Carlos Romero Hicks, indic\u00f3 que el art\u00edculo 16 transitorio del dictamen deja la puerta abierta para que el magisterio controle las plazas L\u00f3pez Obrador lo descart\u00f3 pues asehur\u00f3 que los maestros no son corruptos.<\/strong><\/p>\n\n\n\n<p><strong>\u201cEso dicen los que defienden la reforma educativa, el regreso de venta de plazas, no es as\u00ed, los maestros no son corruptos son gentes buenas, trabajadoras, honestas, me consta por eso me molestaba mucho las campa\u00f1as contra ellos\u201d.<\/strong><\/p>\n\n\n\n<p><strong>Puntualiz\u00f3 que los neoliberales dec\u00edan que \u00e9l estaba de acuerdo en la venta de plazas y record\u00f3 que el ex secretario de educaci\u00f3n Otto Granados Rold\u00e1n como gobernador de Aguascalientes vendi\u00f3 la plaza de toros: \u201cNo es eso las plazas se tienen que entregar de acuerdo a los meritos y darle preferencia eso si a los egresados de las normales porque con la mal llamada reforma educativa no era prioridad tomarlos en cuenta\u201d.<\/strong><\/p>\n\n\n\n<p><\/p>\n","protected":false},"excerpt":{"rendered":"<p>Armando Zu\u00f1iga El Presidente&nbsp;Andr\u00e9s Manuel L\u00f3pez Obrador,&nbsp;celebr\u00f3 la decisi\u00f3n de los diputados de cancelar la reforma educativa, asegurando que \u00e9sta se defini\u00f3 en el extranjero por organismos financieros internacionales y que acat\u00f3 Enrique Pe\u00f1a Nieto. En la conferencia ma\u00f1anera 105,dijo que en t\u00e9rminos generales se cumple con el prop\u00f3sito de cancelar la reforma educativa de [&hellip;]<\/p>\n","protected":false},"author":1,"featured_media":2919,"comment_status":"open","ping_status":"open","sticky":false,"template":"","format":"standard","meta":{"footnotes":""},"categories":[2,3,1],"tags":[],"_links":{"self":[{"href":"https:\/\/diariodigitalmx.com\/index.php\/wp-json\/wp\/v2\/posts\/2917"}],"collection":[{"href":"https:\/\/diariodigitalmx.com\/index.php\/wp-json\/wp\/v2\/posts"}],"about":[{"href":"https:\/\/diariodigitalmx.com\/index.php\/wp-json\/wp\/v2\/types\/post"}],"author":[{"embeddable":true,"href":"https:\/\/diariodigitalmx.com\/index.php\/wp-json\/wp\/v2\/users\/1"}],"replies":[{"embeddable":true,"href":"https:\/\/diariodigitalmx.com\/index.php\/wp-json\/wp\/v2\/comments?post=2917"}],"version-history":[{"count":2,"href":"https:\/\/diariodigitalmx.com\/index.php\/wp-json\/wp\/v2\/posts\/2917\/revisions"}],"predecessor-version":[{"id":2920,"href":"https:\/\/diariodigitalmx.com\/index.php\/wp-json\/wp\/v2\/posts\/2917\/revisions\/2920"}],"wp:featuredmedia":[{"embeddable":true,"href":"https:\/\/diariodigitalmx.com\/index.php\/wp-json\/wp\/v2\/media\/2919"}],"wp:attachment":[{"href":"https:\/\/diariodigitalmx.com\/index.php\/wp-json\/wp\/v2\/media?parent=2917"}],"wp:term":[{"taxonomy":"category","embeddable":true,"href":"https:\/\/diariodigitalmx.com\/index.php\/wp-json\/wp\/v2\/categories?post=2917"},{"taxonomy":"post_tag","embeddable":true,"href":"https:\/\/diariodigitalmx.com\/index.php\/wp-json\/wp\/v2\/tags?post=2917"}],"curies":[{"name":"wp","href":"https:\/\/api.w.org\/{rel}","templated":true}]}}