{"id":2921,"date":"2019-04-25T08:19:58","date_gmt":"2019-04-25T13:19:58","guid":{"rendered":"http:\/\/diariodigitalmx.com\/?p=2921"},"modified":"2019-04-25T08:19:59","modified_gmt":"2019-04-25T13:19:59","slug":"urge-lopez-obrador-a-senadores-aprobar-reforma-laboral","status":"publish","type":"post","link":"https:\/\/diariodigitalmx.com\/index.php\/2019\/04\/25\/urge-lopez-obrador-a-senadores-aprobar-reforma-laboral\/","title":{"rendered":"Urge L\u00f3pez Obrador a senadores aprobar reforma laboral"},"content":{"rendered":"\n<p><strong>Armando Zu\u00f1iga<\/strong><\/p>\n\n\n\n<p><strong> El Presidente&nbsp;Andr\u00e9s Manuel L\u00f3pez Obrador, demand\u00f3 a los senadores que&nbsp;debe aprobarse la reforma laboral porque tiene avances importantes como la democracia sindical y que se garanticen las libertades plenas de los trabajadores.<\/strong><\/p>\n\n\n\n<p><strong>En la ma\u00f1anera de este jueves, reconoci\u00f3 que esa propuesta fue una demanda que hicieron los Estados Unidos para firmar el TECAM: \u201cNo queremos que se use de pretexto este asunto para que se diga en EU, que no estamos cumpliendo con los acuerdo del acuerdo comercial, y quieran reabrir la negociaci\u00f3n y como no nos metemos en asuntos de otros pa\u00edses y como hay \u00e9poca electoral no queremos estar participando en esas diferencias que no haya excusas ya hay acuerdo comercial queremos cumplir compromisos y uno es la reforma laboral pero aunque sea incre\u00edble democratizar a los sindicatos que la propuesta la hayan hecho en EU y coincide con nuestra demanda de muchos a\u00f1os\u201d.<\/strong><\/p>\n\n\n\n<p><strong>L\u00f3pez Obrador destac\u00f3 que con esta reforma laboral se termina el charr\u00edsimo sindical pues con eso los trabajadores podr\u00e1n elegir libremente a sus representantes con voto libre y secreto: \u201cEso es important\u00edsimo que haya democracia sindical, igual que se garanticen libertades plenas a los trabajadores hay avances importantes esta en el senado ojala y se apruebe\u201d.<\/strong><br><\/p>\n","protected":false},"excerpt":{"rendered":"<p>Armando Zu\u00f1iga El Presidente&nbsp;Andr\u00e9s Manuel L\u00f3pez Obrador, demand\u00f3 a los senadores que&nbsp;debe aprobarse la reforma laboral porque tiene avances importantes como la democracia sindical y que se garanticen las libertades plenas de los trabajadores. En la ma\u00f1anera de este jueves, reconoci\u00f3 que esa propuesta fue una demanda que hicieron los Estados Unidos para firmar el [&hellip;]<\/p>\n","protected":false},"author":1,"featured_media":2923,"comment_status":"open","ping_status":"open","sticky":false,"template":"","format":"standard","meta":{"footnotes":""},"categories":[2,3,1],"tags":[],"_links":{"self":[{"href":"https:\/\/diariodigitalmx.com\/index.php\/wp-json\/wp\/v2\/posts\/2921"}],"collection":[{"href":"https:\/\/diariodigitalmx.com\/index.php\/wp-json\/wp\/v2\/posts"}],"about":[{"href":"https:\/\/diariodigitalmx.com\/index.php\/wp-json\/wp\/v2\/types\/post"}],"author":[{"embeddable":true,"href":"https:\/\/diariodigitalmx.com\/index.php\/wp-json\/wp\/v2\/users\/1"}],"replies":[{"embeddable":true,"href":"https:\/\/diariodigitalmx.com\/index.php\/wp-json\/wp\/v2\/comments?post=2921"}],"version-history":[{"count":2,"href":"https:\/\/diariodigitalmx.com\/index.php\/wp-json\/wp\/v2\/posts\/2921\/revisions"}],"predecessor-version":[{"id":2924,"href":"https:\/\/diariodigitalmx.com\/index.php\/wp-json\/wp\/v2\/posts\/2921\/revisions\/2924"}],"wp:featuredmedia":[{"embeddable":true,"href":"https:\/\/diariodigitalmx.com\/index.php\/wp-json\/wp\/v2\/media\/2923"}],"wp:attachment":[{"href":"https:\/\/diariodigitalmx.com\/index.php\/wp-json\/wp\/v2\/media?parent=2921"}],"wp:term":[{"taxonomy":"category","embeddable":true,"href":"https:\/\/diariodigitalmx.com\/index.php\/wp-json\/wp\/v2\/categories?post=2921"},{"taxonomy":"post_tag","embeddable":true,"href":"https:\/\/diariodigitalmx.com\/index.php\/wp-json\/wp\/v2\/tags?post=2921"}],"curies":[{"name":"wp","href":"https:\/\/api.w.org\/{rel}","templated":true}]}}