{"id":2925,"date":"2019-04-25T08:48:56","date_gmt":"2019-04-25T13:48:56","guid":{"rendered":"http:\/\/diariodigitalmx.com\/?p=2925"},"modified":"2019-04-25T08:59:27","modified_gmt":"2019-04-25T13:59:27","slug":"advierte-amlo-de-nuevo-memorandum-si-no-se-aprueba-ley-de-austeridad","status":"publish","type":"post","link":"https:\/\/diariodigitalmx.com\/index.php\/2019\/04\/25\/advierte-amlo-de-nuevo-memorandum-si-no-se-aprueba-ley-de-austeridad\/","title":{"rendered":"Advierte AMLO de nuevo memor\u00e1ndum si no se aprueba Ley de Austeridad"},"content":{"rendered":"\n<p><strong> <\/strong><\/p>\n\n\n\n<p>No m\u00e1s Fobaproa, se cerr\u00f3 la ventanilla de condonaci\u00f3n de impuestos, dice<\/p>\n\n\n\n<p><\/p>\n\n\n\n<p><strong>Armando Zu\u00f1iga<\/strong><\/p>\n\n\n\n<p><strong>El Presidente Andr\u00e9s Manuel L\u00f3pez Obrador, advirti\u00f3 que podr\u00eda recurrir de nuevo a un&nbsp;memor\u00e1ndum&nbsp;en caso de no aprobarse la&nbsp;Ley de Austeridad, pues la intenci\u00f3n es que no se hagan negocios al amparo del poder p\u00fablico y que los recursos del erario lleguen verdaderamente a la gente.<\/strong><\/p>\n\n\n\n<p><strong>En la ma\u00f1anera 105 destac\u00f3: \u201cEstoy esperando que se apruebe la Ley de Austeridad, pero si no se aprueba, depende de nosotros, memor\u00e1ndum, memor\u00e1ndum interno para que nadie vaya a pensar que es lo mismo; no, el cambio va, no es f\u00e1cil, pero va\u201d.<\/strong><\/p>\n\n\n\n<p><strong>Puso como ejemplo el &nbsp;Consejo de Promoci\u00f3n Tur\u00edstica&nbsp;cuya&nbsp;<a href=\"https:\/\/lopezdoriga.com\/nacional\/aprueban-diputados-disolucion-del-consejo-de-promocion-turistica\/\" target=\"_blank\" rel=\"noreferrer noopener\">eliminaci\u00f3n se aprob\u00f3 este mi\u00e9rcoles<\/a>, ya que era \u201cun barril sin fondo\u201d del que se tomaba dinero para comprar lealtades y pagar publicidad en lugar de fomentar el turismo.<\/strong><\/p>\n\n\n\n<p><strong>Asever\u00f3 que en las 60 oficinas de&nbsp;ProM\u00e9xico, que hab\u00eda&nbsp;en las principales ciudades del mundo en las que laboraba \u201cpuro recomendado\u201d.&nbsp;\u201cTodos estos inventos, car\u00edsimos\u201d, detall\u00f3 el presidente.<\/strong><\/p>\n\n\n\n<p><strong>Tambi\u00e9n expuso que a\u00fan hay inconformidad por las&nbsp;estancias infantiles, pero defendi\u00f3 que el censo del gobierno anterior citaba que daban atenci\u00f3n a 300 mil ni\u00f1os cuando se evidenci\u00f3 que solo hay 200 mil inscritos.<\/strong><\/p>\n\n\n\n<p><strong>De igual forma, L\u00f3pez Obrador adelant\u00f3 que se presentar\u00e1n las desviaciones dentro del programa&nbsp;Prospera&nbsp;con el que supuestamente se entregaban apoyos a entre seis y siete millones de familia, pero que en un nuevo censo se hall\u00f3 a la mitad de familias beneficiadas: \u201cEntiendo las molestias que ocasionamos, pero si no limpiamos no van a haber cambios\u201d, finaliz\u00f3.<\/strong><\/p>\n\n\n\n<p><strong>El Presidente asegur\u00f3 que en su administraci\u00f3n no habr\u00e1 rescate de empresas quebradas, condonaci\u00f3n de impuestos ni entrega de los bienes de la naci\u00f3n y jam\u00e1s otro FOBAPROA o ROBAPROA, como le puso el pueblo de M\u00e9xico.<\/strong><\/p>\n\n\n\n<p><strong>Destac\u00f3 que los ex presidentes y empresarios se sent\u00edan los due\u00f1os del gobierno y solo se daban entre s\u00ed tratos privilegiados.<\/strong><\/p>\n\n\n\n<p><strong>\u201cTen\u00edan un trato privilegiado, mientras casi todos los mexicanos pagaban impuestos y hab\u00eda un grupo que no pagaba y cuando pagaban les devolv\u00edan los impuestos, lo digo para qu\u00e9 nadie se le ocurra venir con esas solicitudes ya se cerr\u00f3 esa ventanilla y si un funcionario ofrece condonar cancelar impuestos va cometer un delito que lo sepan no hay rescates de empresas a bancos con dinero publico, solo se va a rescatar al pueblo de M\u00e9xico\u201d.<\/strong><\/p>\n\n\n\n<p><strong>Andr\u00e9s Manuel record\u00f3 el dispendio que se dio con el dinero p\u00fablico al rescatar las deudas de empresarios con el FOBAPROA: \u201cImag\u00ednense el FOBAPROA, deudas privadas de unos cuantos en deuda p\u00fablica es para aplaudir, as\u00ed como lo hac\u00edan los columnistas que aun est\u00e1n defendiendo la pol\u00edtica de pillaje, aun estamos pagando esa enorme deuda del FOBAPROA,&nbsp;&nbsp;eso ya no, tampoco se van a entregar los bienes mexicanos a particulares nacionales o extranjeros ni beneficios fiscales\u201d.<\/strong><\/p>\n\n\n\n<p><br><\/p>\n","protected":false},"excerpt":{"rendered":"<p>No m\u00e1s Fobaproa, se cerr\u00f3 la ventanilla de condonaci\u00f3n de impuestos, dice Armando Zu\u00f1iga El Presidente Andr\u00e9s Manuel L\u00f3pez Obrador, advirti\u00f3 que podr\u00eda recurrir de nuevo a un&nbsp;memor\u00e1ndum&nbsp;en caso de no aprobarse la&nbsp;Ley de Austeridad, pues la intenci\u00f3n es que no se hagan negocios al amparo del poder p\u00fablico y que los recursos del erario [&hellip;]<\/p>\n","protected":false},"author":1,"featured_media":2927,"comment_status":"open","ping_status":"open","sticky":false,"template":"","format":"standard","meta":{"footnotes":""},"categories":[2,3,1],"tags":[],"_links":{"self":[{"href":"https:\/\/diariodigitalmx.com\/index.php\/wp-json\/wp\/v2\/posts\/2925"}],"collection":[{"href":"https:\/\/diariodigitalmx.com\/index.php\/wp-json\/wp\/v2\/posts"}],"about":[{"href":"https:\/\/diariodigitalmx.com\/index.php\/wp-json\/wp\/v2\/types\/post"}],"author":[{"embeddable":true,"href":"https:\/\/diariodigitalmx.com\/index.php\/wp-json\/wp\/v2\/users\/1"}],"replies":[{"embeddable":true,"href":"https:\/\/diariodigitalmx.com\/index.php\/wp-json\/wp\/v2\/comments?post=2925"}],"version-history":[{"count":3,"href":"https:\/\/diariodigitalmx.com\/index.php\/wp-json\/wp\/v2\/posts\/2925\/revisions"}],"predecessor-version":[{"id":2930,"href":"https:\/\/diariodigitalmx.com\/index.php\/wp-json\/wp\/v2\/posts\/2925\/revisions\/2930"}],"wp:featuredmedia":[{"embeddable":true,"href":"https:\/\/diariodigitalmx.com\/index.php\/wp-json\/wp\/v2\/media\/2927"}],"wp:attachment":[{"href":"https:\/\/diariodigitalmx.com\/index.php\/wp-json\/wp\/v2\/media?parent=2925"}],"wp:term":[{"taxonomy":"category","embeddable":true,"href":"https:\/\/diariodigitalmx.com\/index.php\/wp-json\/wp\/v2\/categories?post=2925"},{"taxonomy":"post_tag","embeddable":true,"href":"https:\/\/diariodigitalmx.com\/index.php\/wp-json\/wp\/v2\/tags?post=2925"}],"curies":[{"name":"wp","href":"https:\/\/api.w.org\/{rel}","templated":true}]}}