{"id":2931,"date":"2019-04-25T09:45:57","date_gmt":"2019-04-25T14:45:57","guid":{"rendered":"http:\/\/diariodigitalmx.com\/?p=2931"},"modified":"2019-04-25T09:45:59","modified_gmt":"2019-04-25T14:45:59","slug":"amlo-en-defensa-de-napito-y-de-su-compadre-niega-conflicto-de-interes","status":"publish","type":"post","link":"https:\/\/diariodigitalmx.com\/index.php\/2019\/04\/25\/amlo-en-defensa-de-napito-y-de-su-compadre-niega-conflicto-de-interes\/","title":{"rendered":"AMLO en defensa de Napito y de su compadre, niega conflicto de inter\u00e9s"},"content":{"rendered":"\n<p><strong>Armando Zu\u00f1iga<\/strong><\/p>\n\n\n\n<p><strong>El Presidente&nbsp;Andr\u00e9s Manuel L\u00f3pez Obrador,&nbsp;record\u00f3 que el l\u00edder minero,&nbsp;Napole\u00f3n G\u00f3mez Urrutia \u201cNapito\u201d, fue expulsado del pa\u00eds por intereses de sectores poderosos en M\u00e9xico a quienes les incomod\u00f3 su liderazgo y confirm\u00f3 la reuni\u00f3n que sostuvo ayer con \u00e9l.<\/strong><\/p>\n\n\n\n<p><strong>\u201cEl caso de Napole\u00f3n G\u00f3mez Urrutia es pol\u00e9mico, porque los que se sent\u00edan due\u00f1os de M\u00e9xico lo expulsaron del pa\u00eds, 12 a\u00f1os lo mantuvieron fuera del pa\u00eds; nosotros no perseguimos a nadie\u201d, asegur\u00f3 L\u00f3pez Obrador.<\/strong><\/p>\n\n\n\n<p><strong>Ayer el senador plurinominal del Movimiento de Regeneraci\u00f3n Nacional, difundi\u00f3 en su cuenta oficial de Twitter la foto de su reuni\u00f3n con \u00e9l. Ante eso L\u00f3pez Obrador defendi\u00f3 la causa del dirigente minero al decir que lo tra\u00edan como llaverito acus\u00e1ndolo de todo y finalmente lo exiliaron del pa\u00eds 12 a\u00f1os.<\/strong><\/p>\n\n\n\n<p><strong>El mandatario federal,&nbsp;<\/strong><strong>tambi\u00e9n se refiri\u00f3 a los exl\u00edderes del Sindicato Nacional de los Trabajadores de la Educaci\u00f3n&nbsp;Elba Esther Gordillo, y&nbsp;Rub\u00e9n N\u00fa\u00f1ez&nbsp;de la Coordinadora Nacional de los Trabajadores de la Educaci\u00f3n y subray\u00f3 que fueron casos diferentes porque al ex dirigente de la CNTE se le difam\u00f3 y se le encarcel\u00f3 de manera injusta.<\/strong><\/p>\n\n\n\n<p><strong>Rub\u00e9n N\u00fa\u00f1ez fue calumniado injustamente, acusado de lavado de dinero; era una gente honesta, apunt\u00f3 el Presidente.&nbsp;Sobre el encarcelamiento de Gordillo Morales casi todo el sexenio anterior de Enrique Pe\u00f1a Nieto,&nbsp;L\u00f3pez Obrador&nbsp;afirm\u00f3 que se trat\u00f3 de un caso de sindicalismo corporativo, donde dejaban al l\u00edder y los proteg\u00edan desde el poder hasta que dejaban de ser funcionales.<\/strong><\/p>\n\n\n\n<p><strong>Por otro lado, el presidente neg\u00f3 que exista un conflicto de inter\u00e9s por la participaci\u00f3n de su compadre&nbsp;Miguel Rinc\u00f3n&nbsp;en una licitaci\u00f3n de la Comisi\u00f3n Nacional de Libros de Texto Gratuitos.<\/strong><\/p>\n\n\n\n<p><strong>Miguel Rinc\u00f3n Arredondo, es fundador de Grupo Bio Pappel e integrante del grupo asesor del Presidente, y en marzo pasado&nbsp;&nbsp;&nbsp;fue padrino de bautizo de su hija Mercedes: \u201cNo sab\u00eda que estaba participando, si legalmente est\u00e1 impedido no podr\u00eda participar. Si legalmente no tiene problema podr\u00eda participar. Yo no protejo a nadie, ni acepto influyentismo de nadie, ni de amigos, ni de mis familiares\u201d, dijo L\u00f3pez Obrador.<\/strong><\/p>\n\n\n\n<p><strong>El diario Reforma revel\u00f3 que Rinc\u00f3n Arredondo, fundador de Grupo&nbsp;Bio Pappel&nbsp;e integrante del grupo asesor del Presidente, participa en el concurso para proveer casi 12 mil toneladas de papel offset, 9.3 millones de hojas de cartulina para portada y decenas de miles de cajas de cart\u00f3n para crear los libros de texto gratuitos. \u201cLo dije el d\u00eda que tom\u00e9 posesi\u00f3n, solo me hago cargo de Jes\u00fas Ernesto porque es menor de edad, pero no me responsabilizo de la actitud o desempe\u00f1o de mis hijos ni de mi esposa, de nadie de mi familia. No protejo a nadie, estoy inventariado,&nbsp; yo me debo al pueblo, se\u00f1al\u00f3 el Presidente.<\/strong><\/p>\n","protected":false},"excerpt":{"rendered":"<p>Armando Zu\u00f1iga El Presidente&nbsp;Andr\u00e9s Manuel L\u00f3pez Obrador,&nbsp;record\u00f3 que el l\u00edder minero,&nbsp;Napole\u00f3n G\u00f3mez Urrutia \u201cNapito\u201d, fue expulsado del pa\u00eds por intereses de sectores poderosos en M\u00e9xico a quienes les incomod\u00f3 su liderazgo y confirm\u00f3 la reuni\u00f3n que sostuvo ayer con \u00e9l. \u201cEl caso de Napole\u00f3n G\u00f3mez Urrutia es pol\u00e9mico, porque los que se sent\u00edan due\u00f1os de [&hellip;]<\/p>\n","protected":false},"author":1,"featured_media":2933,"comment_status":"open","ping_status":"open","sticky":false,"template":"","format":"standard","meta":{"footnotes":""},"categories":[2,3,1],"tags":[],"_links":{"self":[{"href":"https:\/\/diariodigitalmx.com\/index.php\/wp-json\/wp\/v2\/posts\/2931"}],"collection":[{"href":"https:\/\/diariodigitalmx.com\/index.php\/wp-json\/wp\/v2\/posts"}],"about":[{"href":"https:\/\/diariodigitalmx.com\/index.php\/wp-json\/wp\/v2\/types\/post"}],"author":[{"embeddable":true,"href":"https:\/\/diariodigitalmx.com\/index.php\/wp-json\/wp\/v2\/users\/1"}],"replies":[{"embeddable":true,"href":"https:\/\/diariodigitalmx.com\/index.php\/wp-json\/wp\/v2\/comments?post=2931"}],"version-history":[{"count":4,"href":"https:\/\/diariodigitalmx.com\/index.php\/wp-json\/wp\/v2\/posts\/2931\/revisions"}],"predecessor-version":[{"id":2936,"href":"https:\/\/diariodigitalmx.com\/index.php\/wp-json\/wp\/v2\/posts\/2931\/revisions\/2936"}],"wp:featuredmedia":[{"embeddable":true,"href":"https:\/\/diariodigitalmx.com\/index.php\/wp-json\/wp\/v2\/media\/2933"}],"wp:attachment":[{"href":"https:\/\/diariodigitalmx.com\/index.php\/wp-json\/wp\/v2\/media?parent=2931"}],"wp:term":[{"taxonomy":"category","embeddable":true,"href":"https:\/\/diariodigitalmx.com\/index.php\/wp-json\/wp\/v2\/categories?post=2931"},{"taxonomy":"post_tag","embeddable":true,"href":"https:\/\/diariodigitalmx.com\/index.php\/wp-json\/wp\/v2\/tags?post=2931"}],"curies":[{"name":"wp","href":"https:\/\/api.w.org\/{rel}","templated":true}]}}