{"id":2950,"date":"2019-04-25T10:36:17","date_gmt":"2019-04-25T15:36:17","guid":{"rendered":"http:\/\/diariodigitalmx.com\/?p=2950"},"modified":"2019-04-25T10:36:19","modified_gmt":"2019-04-25T15:36:19","slug":"con-imss-e-issste-se-garantiza-abasto-de-vacunas-contra-sarampion-ssa","status":"publish","type":"post","link":"https:\/\/diariodigitalmx.com\/index.php\/2019\/04\/25\/con-imss-e-issste-se-garantiza-abasto-de-vacunas-contra-sarampion-ssa\/","title":{"rendered":"Con IMSS e ISSSTE se garantiza abasto de vacunas contra sarampi\u00f3n: SSa"},"content":{"rendered":"\n<h3 class=\"wp-block-heading\">Con ellos se garantiza tener el abasto suficiente de estos medicamentos, afirm\u00f3 el titular de la Unidad de Administraci\u00f3n y Finanzas de la Secretar\u00eda de Salud, Pedro Flores Jim\u00e9nez<\/h3>\n\n\n\n<p>Jacob S\u00e1nchez y Gabriel Xantomila | El Sol de M\u00e9xico<\/p>\n\n\n\n<p>Admite el sector salud que, de no contar con el IMSS y el ISSSTE, se podr\u00eda tener \u201calg\u00fan problema de desabasto\u201d de vacunas contra el sarampi\u00f3n en M\u00e9xico.<\/p>\n\n\n\n<p>As\u00ed lo afirm\u00f3 el titular de la Unidad de Administraci\u00f3n y Finanzas de la Secretar\u00eda de Salud, Pedro Flores Jim\u00e9nez, en medio del brote que se dio en Estados Unidos y que podr\u00eda afectar a los mexicanos que viven en la frontera que colinda con el pa\u00eds vecino al norte.<\/p>\n\n\n\n<h4 class=\"wp-block-heading\"><strong><a href=\"https:\/\/www.elsoldemexico.com.mx\/mexico\/sociedad\/sarampion-en-eu-y-europa-medidas-de-viaje-secretaria-de-salud-3305852.html\">Piden a viajeros tomar medidas por sarampi\u00f3n en EU y Europa<\/a><\/strong><\/h4>\n\n\n\n<p>\u201cRecuerden que salud, si se ve como tal, podr\u00eda tener alg\u00fan problema de desabasto, pero tambi\u00e9n est\u00e1n el IMSS y el ISSSTE, los cuales tambi\u00e9n, de alguna manera, con ellos se garantiza tener el abasto suficiente de estos medicamentos\u201d, afirm\u00f3.<\/p>\n\n\n\n<p>Sobre la estrategia de actuaci\u00f3n del Gobierno Federal para prevenir posibles brotes en el territorio nacional, Flores Jim\u00e9nez remiti\u00f3 la responsabilidad al subsecretario de Prevenci\u00f3n y Promoci\u00f3n de la Salud, Hugo L\u00f3pez-Gatell, aunque la misi\u00f3n de dicha unidad es la de \u201cgarantizar las directrices de recursos humanos, financieros, materiales, de infraestructura y de tecnolog\u00edas de la informaci\u00f3n\u201d que permitan a sus unidades operar de manera \u201ceficaz, eficiente y transparente\u201d.<\/p>\n\n\n\n<p>\u201cPara estas preguntas tenemos la subsecretaria que ve todos estos aspectos, con el Doctor Hugo L\u00f3pez-Gatell\u201d, refiri\u00f3.<\/p>\n","protected":false},"excerpt":{"rendered":"<p>Con ellos se garantiza tener el abasto suficiente de estos medicamentos, afirm\u00f3 el titular de la Unidad de Administraci\u00f3n y Finanzas de la Secretar\u00eda de Salud, Pedro Flores Jim\u00e9nez Jacob S\u00e1nchez y Gabriel Xantomila | El Sol de M\u00e9xico Admite el sector salud que, de no contar con el IMSS y el ISSSTE, se podr\u00eda [&hellip;]<\/p>\n","protected":false},"author":1,"featured_media":2951,"comment_status":"open","ping_status":"open","sticky":true,"template":"","format":"standard","meta":{"footnotes":""},"categories":[2],"tags":[],"_links":{"self":[{"href":"https:\/\/diariodigitalmx.com\/index.php\/wp-json\/wp\/v2\/posts\/2950"}],"collection":[{"href":"https:\/\/diariodigitalmx.com\/index.php\/wp-json\/wp\/v2\/posts"}],"about":[{"href":"https:\/\/diariodigitalmx.com\/index.php\/wp-json\/wp\/v2\/types\/post"}],"author":[{"embeddable":true,"href":"https:\/\/diariodigitalmx.com\/index.php\/wp-json\/wp\/v2\/users\/1"}],"replies":[{"embeddable":true,"href":"https:\/\/diariodigitalmx.com\/index.php\/wp-json\/wp\/v2\/comments?post=2950"}],"version-history":[{"count":1,"href":"https:\/\/diariodigitalmx.com\/index.php\/wp-json\/wp\/v2\/posts\/2950\/revisions"}],"predecessor-version":[{"id":2952,"href":"https:\/\/diariodigitalmx.com\/index.php\/wp-json\/wp\/v2\/posts\/2950\/revisions\/2952"}],"wp:featuredmedia":[{"embeddable":true,"href":"https:\/\/diariodigitalmx.com\/index.php\/wp-json\/wp\/v2\/media\/2951"}],"wp:attachment":[{"href":"https:\/\/diariodigitalmx.com\/index.php\/wp-json\/wp\/v2\/media?parent=2950"}],"wp:term":[{"taxonomy":"category","embeddable":true,"href":"https:\/\/diariodigitalmx.com\/index.php\/wp-json\/wp\/v2\/categories?post=2950"},{"taxonomy":"post_tag","embeddable":true,"href":"https:\/\/diariodigitalmx.com\/index.php\/wp-json\/wp\/v2\/tags?post=2950"}],"curies":[{"name":"wp","href":"https:\/\/api.w.org\/{rel}","templated":true}]}}