{"id":2957,"date":"2019-04-25T12:57:43","date_gmt":"2019-04-25T17:57:43","guid":{"rendered":"http:\/\/diariodigitalmx.com\/?p=2957"},"modified":"2019-04-25T13:17:29","modified_gmt":"2019-04-25T18:17:29","slug":"el-plato-del-dia","status":"publish","type":"post","link":"https:\/\/diariodigitalmx.com\/index.php\/2019\/04\/25\/el-plato-del-dia\/","title":{"rendered":"El plato del d\u00eda"},"content":{"rendered":"\n<p>Paulo Pedro Cu\u00e9llar<\/p>\n\n\n\n<p>La violencia y la delincuencia, nace adentro de los hogares y escurre-gotea por las tuber\u00edas de la sociedad. <\/p>\n\n\n\n<p>Y lejos de remediar las fugas, las grietas son cada vez m\u00e1s. <\/p>\n\n\n\n<p>Y es que la violencia y la delincuencia se reproducen y se propagan por un solo factor predominante:  la ausencia de padres y madres. <\/p>\n\n\n\n<p>Ning\u00fan gobierno, por m\u00e1s espurio que sea, es culpable de la falla estructural del sistema de enfriamiento que debiera producir funcionalidad y armon\u00eda  a la vida cultural de una sociedad. <\/p>\n\n\n\n<p>Dejemos de disparar sin punter\u00eda. <\/p>\n\n\n\n<p>Culpar a los gobiernos, es como culpar a las balatas del calentamiento del radiador sociocultural.  <\/p>\n\n\n\n<p>Culpar a los gobiernos de la crucifixi\u00f3n de La Paz, es como exonerar a pilotos de toda culpa ante el asesinato de Jesus.<\/p>\n","protected":false},"excerpt":{"rendered":"<p>Paulo Pedro Cu\u00e9llar La violencia y la delincuencia, nace adentro de los hogares y escurre-gotea por las tuber\u00edas de la sociedad. Y lejos de remediar las fugas, las grietas son cada vez m\u00e1s. Y es que la violencia y la delincuencia se reproducen y se propagan por un solo factor predominante: la ausencia de padres [&hellip;]<\/p>\n","protected":false},"author":1,"featured_media":2960,"comment_status":"open","ping_status":"open","sticky":true,"template":"","format":"standard","meta":{"footnotes":""},"categories":[12],"tags":[],"_links":{"self":[{"href":"https:\/\/diariodigitalmx.com\/index.php\/wp-json\/wp\/v2\/posts\/2957"}],"collection":[{"href":"https:\/\/diariodigitalmx.com\/index.php\/wp-json\/wp\/v2\/posts"}],"about":[{"href":"https:\/\/diariodigitalmx.com\/index.php\/wp-json\/wp\/v2\/types\/post"}],"author":[{"embeddable":true,"href":"https:\/\/diariodigitalmx.com\/index.php\/wp-json\/wp\/v2\/users\/1"}],"replies":[{"embeddable":true,"href":"https:\/\/diariodigitalmx.com\/index.php\/wp-json\/wp\/v2\/comments?post=2957"}],"version-history":[{"count":2,"href":"https:\/\/diariodigitalmx.com\/index.php\/wp-json\/wp\/v2\/posts\/2957\/revisions"}],"predecessor-version":[{"id":2961,"href":"https:\/\/diariodigitalmx.com\/index.php\/wp-json\/wp\/v2\/posts\/2957\/revisions\/2961"}],"wp:featuredmedia":[{"embeddable":true,"href":"https:\/\/diariodigitalmx.com\/index.php\/wp-json\/wp\/v2\/media\/2960"}],"wp:attachment":[{"href":"https:\/\/diariodigitalmx.com\/index.php\/wp-json\/wp\/v2\/media?parent=2957"}],"wp:term":[{"taxonomy":"category","embeddable":true,"href":"https:\/\/diariodigitalmx.com\/index.php\/wp-json\/wp\/v2\/categories?post=2957"},{"taxonomy":"post_tag","embeddable":true,"href":"https:\/\/diariodigitalmx.com\/index.php\/wp-json\/wp\/v2\/tags?post=2957"}],"curies":[{"name":"wp","href":"https:\/\/api.w.org\/{rel}","templated":true}]}}