{"id":2963,"date":"2019-04-25T15:08:32","date_gmt":"2019-04-25T20:08:32","guid":{"rendered":"http:\/\/diariodigitalmx.com\/?p=2963"},"modified":"2019-04-25T15:08:33","modified_gmt":"2019-04-25T20:08:33","slug":"menos-memorandums-y-mas-seguridad-exige-movimiento-ciudadano","status":"publish","type":"post","link":"https:\/\/diariodigitalmx.com\/index.php\/2019\/04\/25\/menos-memorandums-y-mas-seguridad-exige-movimiento-ciudadano\/","title":{"rendered":"\u201cMenos memor\u00e1ndums y m\u00e1s seguridad\u201d, exige Movimiento Ciudadano"},"content":{"rendered":"\n<p><strong><em>El senador Samuel Garc\u00eda exhorta al Gobierno Federal a dejar de perder el tiempo en memor\u00e1ndums ilegales&nbsp;<br><\/em><\/strong><br>Ante la crisis de violencia en el pa\u00eds, Movimiento Ciudadano exhort\u00f3 al Gobierno Federal a enfocarse en la seguridad y no estar&nbsp;gobernando a trav\u00e9s de mem\u00f3randums.<\/p>\n\n\n\n<p>En rueda de prensa, el senador de Movimiento Ciudadano, Samuel Garc\u00eda Sep\u00falveda, cuestion\u00f3 que el Presidente de la Rep\u00fablica&nbsp;tenga como prioridad hacer amagos a trav\u00e9s de memor\u00e1ndums (hoy anunci\u00f3 otro), cuando van alrededor de 8 mil 500 asesinatos&nbsp;en el arranque m\u00e1s violento de un sexenio.<\/p>\n\n\n\n<p>\u201cUna duda al Gobierno Federal: \u00bfqu\u00e9 es prioridad para el Presidente: hacer memor\u00e1ndums o garantizar la seguridad de los&nbsp;mexicanos?, exhortamos al Gobierno Federal a dejar de perder el tiempo en memor\u00e1ndums ilegales e inconstitucionales y mas bien&nbsp;que se enfoque en el bienestar y seguridad de los mexicanos.<\/p>\n\n\n\n<p>\u201cSi no fue suficiente ser el responsable del inicio de un sexenio con m\u00e1s muertes en la historia del pa\u00eds con 8 mil 500 asesinados,&nbsp;entonces le preguntamos al Presidente: \u00bfqu\u00e9 nos espera el resto del sexenio?, despu\u00e9s del trimestre m\u00e1s violento, \u00bfvamos a tener&nbsp;el semestre m\u00e1s violento y luego el a\u00f1o m\u00e1s violento?, o qu\u00e9 estamos esperando, \u00bfcu\u00e1ntas muertes son suficientes para&nbsp;reaccionar?\u201d, dijo.<\/p>\n\n\n\n<p>Debido a los resultados contra el crimen organizado, el legislador calific\u00f3 de fracaso el intento de pacificar el pa\u00eds por medio de&nbsp;\u201cabrazos, no balazos\u201d.<\/p>\n\n\n\n<p>\u201cPedimos cordura al Gobierno Federal, menos memor\u00e1ndums y m\u00e1s seguridad, hoy esperamos respuestas de parte del secretario&nbsp;de seguridad\u201d, dijo.<\/p>\n\n\n\n<p>Garc\u00eda Sep\u00falveda manifest\u00f3 sus condolencias a las familias, mujeres y ni\u00f1os, que han sido v\u00edctimas de la ola de violencia que se&nbsp;mantiene en el pa\u00eds.&nbsp;<br><\/p>\n","protected":false},"excerpt":{"rendered":"<p>El senador Samuel Garc\u00eda exhorta al Gobierno Federal a dejar de perder el tiempo en memor\u00e1ndums ilegales&nbsp;Ante la crisis de violencia en el pa\u00eds, Movimiento Ciudadano exhort\u00f3 al Gobierno Federal a enfocarse en la seguridad y no estar&nbsp;gobernando a trav\u00e9s de mem\u00f3randums. En rueda de prensa, el senador de Movimiento Ciudadano, Samuel Garc\u00eda Sep\u00falveda, cuestion\u00f3 [&hellip;]<\/p>\n","protected":false},"author":1,"featured_media":2966,"comment_status":"open","ping_status":"open","sticky":false,"template":"","format":"standard","meta":{"footnotes":""},"categories":[6,3,1],"tags":[],"_links":{"self":[{"href":"https:\/\/diariodigitalmx.com\/index.php\/wp-json\/wp\/v2\/posts\/2963"}],"collection":[{"href":"https:\/\/diariodigitalmx.com\/index.php\/wp-json\/wp\/v2\/posts"}],"about":[{"href":"https:\/\/diariodigitalmx.com\/index.php\/wp-json\/wp\/v2\/types\/post"}],"author":[{"embeddable":true,"href":"https:\/\/diariodigitalmx.com\/index.php\/wp-json\/wp\/v2\/users\/1"}],"replies":[{"embeddable":true,"href":"https:\/\/diariodigitalmx.com\/index.php\/wp-json\/wp\/v2\/comments?post=2963"}],"version-history":[{"count":2,"href":"https:\/\/diariodigitalmx.com\/index.php\/wp-json\/wp\/v2\/posts\/2963\/revisions"}],"predecessor-version":[{"id":2965,"href":"https:\/\/diariodigitalmx.com\/index.php\/wp-json\/wp\/v2\/posts\/2963\/revisions\/2965"}],"wp:featuredmedia":[{"embeddable":true,"href":"https:\/\/diariodigitalmx.com\/index.php\/wp-json\/wp\/v2\/media\/2966"}],"wp:attachment":[{"href":"https:\/\/diariodigitalmx.com\/index.php\/wp-json\/wp\/v2\/media?parent=2963"}],"wp:term":[{"taxonomy":"category","embeddable":true,"href":"https:\/\/diariodigitalmx.com\/index.php\/wp-json\/wp\/v2\/categories?post=2963"},{"taxonomy":"post_tag","embeddable":true,"href":"https:\/\/diariodigitalmx.com\/index.php\/wp-json\/wp\/v2\/tags?post=2963"}],"curies":[{"name":"wp","href":"https:\/\/api.w.org\/{rel}","templated":true}]}}