{"id":2967,"date":"2019-04-25T15:19:24","date_gmt":"2019-04-25T20:19:24","guid":{"rendered":"http:\/\/diariodigitalmx.com\/?p=2967"},"modified":"2019-04-25T15:42:19","modified_gmt":"2019-04-25T20:42:19","slug":"exige-pri-acciones-contra-contaminacion-ambiental-monterrey-la-ciudad-con-mas-aire-sucio-en-america-latina","status":"publish","type":"post","link":"https:\/\/diariodigitalmx.com\/index.php\/2019\/04\/25\/exige-pri-acciones-contra-contaminacion-ambiental-monterrey-la-ciudad-con-mas-aire-sucio-en-america-latina\/","title":{"rendered":"Exige PRI acciones contra contaminaci\u00f3n ambiental; Monterrey la Ciudad con m\u00e1s aire sucio en Am\u00e9rica Latina"},"content":{"rendered":"\n<p>Porque la contaminaci\u00f3n ya alcanz\u00f3 \u00edndices alarmantes, el Comit\u00e9 Directivo Estatal del PRI, exigi\u00f3 acciones inmediatas al Gobierno del Estado mediante una protesta que realiz\u00f3 en el centro de Monterrey.<br><\/p>\n\n\n\n<p>La actividad fue encabezada por el secretario de Organizaci\u00f3n del CDE y diputado local, Jorge de Le\u00f3n Fern\u00e1ndez, quien fue acompa\u00f1ado por secretarios, personal y militantes del partido.<br><\/p>\n\n\n\n<p>Dijo que el Gobierno estatal se ha visto lento para tomar acciones concretas contra la contaminaci\u00f3n y que incluso en plena Semana Santa cuando hab\u00eda un 30 por ciento menos autos en el \u00e1rea metropolitana, hubo varias alertas por la mala calidad del aire.<br><\/p>\n\n\n\n<p>\u201cCada d\u00eda todos los nuevoleoneses nos envenenamos con el aire que estamos respirando, los ciudadanos merecen respeto y, una autoridad que tiene la mayor capacidad de influir para solucionar el problema, es el Gobierno del Estado para contener esta situaci\u00f3n\u201d, afirm\u00f3.<br><\/p>\n\n\n\n<p>Adem\u00e1s expres\u00f3 que con esta activaci\u00f3n, lo que se pretende es hacer conciencia entre los ciudadanos, pero sobre todo para que el Gobierno estatal incremente la vigilancia a las empresas contaminantes, en especial las que laboran de noche.<br><\/p>\n\n\n\n<p>Dijo que se deben de realizar acciones concretas como la verificaci\u00f3n gratuita de autom\u00f3viles, adem\u00e1s de ya no dar m\u00e1s permisos para la instalaci\u00f3n de pedreras ni a empresas que sean contaminantes.<br><\/p>\n\n\n\n<p>\u201cPorque las enfermedades respiratorias se han incrementado un 35 por ciento cuando alcanzamos estos niveles tan altos de contaminaci\u00f3n\u201d, puntualiz\u00f3.<br><\/p>\n\n\n\n<p>Durante la activaci\u00f3n se repartieron cubrebocas a automovilistas y transe\u00fantes para mitigar en algo los efectos de la contaminaci\u00f3n ambiental que, de acuerdo a estudios internacionales, Monterrey y su \u00e1rea metropolitana es la m\u00e1s contaminada no s\u00f3lo de M\u00e9xico sino de Am\u00e9rica Latina.<br><\/p>\n\n\n\n<h2 class=\"wp-block-heading\"><\/h2>\n\n\n\n<figure class=\"wp-block-image\"><img loading=\"lazy\" decoding=\"async\" width=\"1024\" height=\"682\" src=\"http:\/\/diariodigitalmx.com\/wp-content\/uploads\/2019\/04\/IMG-20190425-WA0012-1024x682.jpg\" alt=\"\" class=\"wp-image-2974\" srcset=\"https:\/\/diariodigitalmx.com\/wp-content\/uploads\/2019\/04\/IMG-20190425-WA0012-1024x682.jpg 1024w, https:\/\/diariodigitalmx.com\/wp-content\/uploads\/2019\/04\/IMG-20190425-WA0012-300x200.jpg 300w, https:\/\/diariodigitalmx.com\/wp-content\/uploads\/2019\/04\/IMG-20190425-WA0012-768x512.jpg 768w, https:\/\/diariodigitalmx.com\/wp-content\/uploads\/2019\/04\/IMG-20190425-WA0012.jpg 1280w\" sizes=\"(max-width: 1024px) 100vw, 1024px\" \/><\/figure>\n\n\n\n<figure class=\"wp-block-image\"><img loading=\"lazy\" decoding=\"async\" width=\"1024\" height=\"682\" src=\"http:\/\/diariodigitalmx.com\/wp-content\/uploads\/2019\/04\/IMG-20190425-WA0006-1024x682.jpg\" alt=\"\" class=\"wp-image-2976\" srcset=\"https:\/\/diariodigitalmx.com\/wp-content\/uploads\/2019\/04\/IMG-20190425-WA0006-1024x682.jpg 1024w, https:\/\/diariodigitalmx.com\/wp-content\/uploads\/2019\/04\/IMG-20190425-WA0006-300x200.jpg 300w, https:\/\/diariodigitalmx.com\/wp-content\/uploads\/2019\/04\/IMG-20190425-WA0006-768x512.jpg 768w, https:\/\/diariodigitalmx.com\/wp-content\/uploads\/2019\/04\/IMG-20190425-WA0006.jpg 1280w\" sizes=\"(max-width: 1024px) 100vw, 1024px\" \/><\/figure>\n","protected":false},"excerpt":{"rendered":"<p>Porque la contaminaci\u00f3n ya alcanz\u00f3 \u00edndices alarmantes, el Comit\u00e9 Directivo Estatal del PRI, exigi\u00f3 acciones inmediatas al Gobierno del Estado mediante una protesta que realiz\u00f3 en el centro de Monterrey. La actividad fue encabezada por el secretario de Organizaci\u00f3n del CDE y diputado local, Jorge de Le\u00f3n Fern\u00e1ndez, quien fue acompa\u00f1ado por secretarios, personal y [&hellip;]<\/p>\n","protected":false},"author":1,"featured_media":2971,"comment_status":"open","ping_status":"open","sticky":false,"template":"","format":"standard","meta":{"footnotes":""},"categories":[6,3,1],"tags":[],"_links":{"self":[{"href":"https:\/\/diariodigitalmx.com\/index.php\/wp-json\/wp\/v2\/posts\/2967"}],"collection":[{"href":"https:\/\/diariodigitalmx.com\/index.php\/wp-json\/wp\/v2\/posts"}],"about":[{"href":"https:\/\/diariodigitalmx.com\/index.php\/wp-json\/wp\/v2\/types\/post"}],"author":[{"embeddable":true,"href":"https:\/\/diariodigitalmx.com\/index.php\/wp-json\/wp\/v2\/users\/1"}],"replies":[{"embeddable":true,"href":"https:\/\/diariodigitalmx.com\/index.php\/wp-json\/wp\/v2\/comments?post=2967"}],"version-history":[{"count":5,"href":"https:\/\/diariodigitalmx.com\/index.php\/wp-json\/wp\/v2\/posts\/2967\/revisions"}],"predecessor-version":[{"id":2978,"href":"https:\/\/diariodigitalmx.com\/index.php\/wp-json\/wp\/v2\/posts\/2967\/revisions\/2978"}],"wp:featuredmedia":[{"embeddable":true,"href":"https:\/\/diariodigitalmx.com\/index.php\/wp-json\/wp\/v2\/media\/2971"}],"wp:attachment":[{"href":"https:\/\/diariodigitalmx.com\/index.php\/wp-json\/wp\/v2\/media?parent=2967"}],"wp:term":[{"taxonomy":"category","embeddable":true,"href":"https:\/\/diariodigitalmx.com\/index.php\/wp-json\/wp\/v2\/categories?post=2967"},{"taxonomy":"post_tag","embeddable":true,"href":"https:\/\/diariodigitalmx.com\/index.php\/wp-json\/wp\/v2\/tags?post=2967"}],"curies":[{"name":"wp","href":"https:\/\/api.w.org\/{rel}","templated":true}]}}