{"id":2988,"date":"2019-04-26T11:04:52","date_gmt":"2019-04-26T16:04:52","guid":{"rendered":"http:\/\/diariodigitalmx.com\/?p=2988"},"modified":"2019-04-26T11:04:54","modified_gmt":"2019-04-26T16:04:54","slug":"gravisimo-error-el-naim-nunca-debio-iniciar-la-obra-jimenez-espriu","status":"publish","type":"post","link":"https:\/\/diariodigitalmx.com\/index.php\/2019\/04\/26\/gravisimo-error-el-naim-nunca-debio-iniciar-la-obra-jimenez-espriu\/","title":{"rendered":"Grav\u00edsimo error el NAIM; nunca debi\u00f3 iniciar la obra: Jim\u00e9nez Espri\u00fa"},"content":{"rendered":"\n<p><strong>Armando Zu\u00f1iga<\/strong><\/p>\n\n\n\n<p><strong>El secretario de Comunicaciones y Transportes<\/strong>,<strong>&nbsp;Javier Jim\u00e9nez Espri\u00fa<\/strong>,<strong>&nbsp;detall\u00f3 las razones por las que fue cancelado el Nuevo Aeropuerto Internacional de la Ciudad de M\u00e9xico<\/strong>,&nbsp;<strong>principalmente porque representaba un&nbsp;desastre natural,&nbsp;as\u00ed como la desaparici\u00f3n del Lago Nabor Carrillo.<\/strong><\/p>\n\n\n\n<h3 class=\"wp-block-heading\">En la ma\u00f1anera de este viernes, resalt\u00f3 que fue \u201cun error grav\u00edsimo\u201d, y que esa obra jam\u00e1s debi\u00f3 iniciarse, por lo que fue cancelada por el gobierno de Andr\u00e9s Manuel L\u00f3pez Obrador&nbsp;<\/h3>\n\n\n\n<p><strong>Indic\u00f3 en la zona se presentar\u00eda un problema de sobrepoblaci\u00f3n de 4 mil personas, por lo que no habr\u00eda servicios b\u00e1sicos para satisfacer las necesidades de la poblaci\u00f3n y destac\u00f3 que no habr\u00eda agua para ese sector.&nbsp;<\/strong><\/p>\n\n\n\n<p><strong>Sobre los contratos que fueron suspendidos al cancelar el proyecto del NAIM, Espri\u00fa detall\u00f3 que de los m\u00e1s de&nbsp;600 contratos s\u00f3lo faltan por resolverse 114,&nbsp;pues el resto ya fueron pagados.&nbsp; Estableci\u00f3 que la deuda sobre el proyecto del NAIM era de 6 mil millones de d\u00f3lares en bonos con vencimientos a 10 y 30 a\u00f1os.&nbsp;<\/strong><\/p>\n\n\n\n<p><strong>Jim\u00e9nez dio a conocer que los asesores estrat\u00e9gicos de la empresa Parsons, que administraba el proyecto del aeropuerto de Texcoco, eran Alfredo del Mazo y&nbsp;Alfredo El\u00edas Ayub.<\/strong><br><\/p>\n","protected":false},"excerpt":{"rendered":"<p>Armando Zu\u00f1iga El secretario de Comunicaciones y Transportes,&nbsp;Javier Jim\u00e9nez Espri\u00fa,&nbsp;detall\u00f3 las razones por las que fue cancelado el Nuevo Aeropuerto Internacional de la Ciudad de M\u00e9xico,&nbsp;principalmente porque representaba un&nbsp;desastre natural,&nbsp;as\u00ed como la desaparici\u00f3n del Lago Nabor Carrillo. En la ma\u00f1anera de este viernes, resalt\u00f3 que fue \u201cun error grav\u00edsimo\u201d, y que esa obra jam\u00e1s debi\u00f3 [&hellip;]<\/p>\n","protected":false},"author":1,"featured_media":2993,"comment_status":"open","ping_status":"open","sticky":false,"template":"","format":"standard","meta":{"footnotes":""},"categories":[2,3,1],"tags":[],"_links":{"self":[{"href":"https:\/\/diariodigitalmx.com\/index.php\/wp-json\/wp\/v2\/posts\/2988"}],"collection":[{"href":"https:\/\/diariodigitalmx.com\/index.php\/wp-json\/wp\/v2\/posts"}],"about":[{"href":"https:\/\/diariodigitalmx.com\/index.php\/wp-json\/wp\/v2\/types\/post"}],"author":[{"embeddable":true,"href":"https:\/\/diariodigitalmx.com\/index.php\/wp-json\/wp\/v2\/users\/1"}],"replies":[{"embeddable":true,"href":"https:\/\/diariodigitalmx.com\/index.php\/wp-json\/wp\/v2\/comments?post=2988"}],"version-history":[{"count":5,"href":"https:\/\/diariodigitalmx.com\/index.php\/wp-json\/wp\/v2\/posts\/2988\/revisions"}],"predecessor-version":[{"id":2994,"href":"https:\/\/diariodigitalmx.com\/index.php\/wp-json\/wp\/v2\/posts\/2988\/revisions\/2994"}],"wp:featuredmedia":[{"embeddable":true,"href":"https:\/\/diariodigitalmx.com\/index.php\/wp-json\/wp\/v2\/media\/2993"}],"wp:attachment":[{"href":"https:\/\/diariodigitalmx.com\/index.php\/wp-json\/wp\/v2\/media?parent=2988"}],"wp:term":[{"taxonomy":"category","embeddable":true,"href":"https:\/\/diariodigitalmx.com\/index.php\/wp-json\/wp\/v2\/categories?post=2988"},{"taxonomy":"post_tag","embeddable":true,"href":"https:\/\/diariodigitalmx.com\/index.php\/wp-json\/wp\/v2\/tags?post=2988"}],"curies":[{"name":"wp","href":"https:\/\/api.w.org\/{rel}","templated":true}]}}