{"id":301,"date":"2019-02-15T10:37:11","date_gmt":"2019-02-15T16:37:11","guid":{"rendered":"http:\/\/diariodigitalmx.com\/?p=301"},"modified":"2019-02-15T10:37:12","modified_gmt":"2019-02-15T16:37:12","slug":"aprovechan-el-dia-del-amor-y-se-casan-en-garcia-n-l","status":"publish","type":"post","link":"https:\/\/diariodigitalmx.com\/index.php\/2019\/02\/15\/aprovechan-el-dia-del-amor-y-se-casan-en-garcia-n-l\/","title":{"rendered":"Aprovechan el D\u00eda del Amor y se casan en Garc\u00eda, N. L"},"content":{"rendered":"\n<p>Armando Galicia<\/p>\n\n\n\n<figure class=\"wp-block-image\"><img loading=\"lazy\" decoding=\"async\" width=\"1024\" height=\"681\" src=\"http:\/\/diariodigitalmx.com\/wp-content\/uploads\/2019\/02\/thumbnail-12-1024x681.jpg\" alt=\"\" class=\"wp-image-303\" srcset=\"https:\/\/diariodigitalmx.com\/wp-content\/uploads\/2019\/02\/thumbnail-12-1024x681.jpg 1024w, https:\/\/diariodigitalmx.com\/wp-content\/uploads\/2019\/02\/thumbnail-12-300x199.jpg 300w, https:\/\/diariodigitalmx.com\/wp-content\/uploads\/2019\/02\/thumbnail-12-768x511.jpg 768w, https:\/\/diariodigitalmx.com\/wp-content\/uploads\/2019\/02\/thumbnail-12.jpg 1280w\" sizes=\"(max-width: 1024px) 100vw, 1024px\" \/><\/figure>\n\n\n\n<p><\/p>\n\n\n\n<p>En el marco del D\u00eda del Amor, este 14 de Febrero, alrededor de 200 parejas del municipio de Garc\u00eda legalizaron su uni\u00f3n y ahora est\u00e1n casadas legalmente.<\/p>\n\n\n\n<p>Tuvieron una emotiva ceremonia celebrada en el Auditorio Municipal, y otra m\u00e1s en un sal\u00f3n privado, como parte del Programa Brigadas de Bodas Colectivas organizadas por el Gobierno Estatal y Municipal.<\/p>\n\n\n\n<p>Durante ambos eventos, el Alcalde de Garc\u00eda, Carlos Alberto Guevara Garza agradeci\u00f3 al Gobierno Estatal la realizaci\u00f3n de estas uniones legales que ser\u00e1n de grandes beneficios para los habitantes.<\/p>\n\n\n\n<p>&nbsp;El presidente municipal destac\u00f3 que la familia es el pilar fundamental de la sociedad y que, si bien las uniones&nbsp;de las parejas se dan bajo el marco del amor, es importante tambi\u00e9n que exista una certeza jur\u00eddica, misma que se da a trav\u00e9s del contrato matrimonial.\u201cEn nuestro municipio, como ustedes saben, nuestro lema es Somos Garc\u00eda, Somos Familia,&nbsp; y por tal motivo nos preocupamos por fomentar la uni\u00f3n de las familias en nuestro municipio, propiciando que vivan en un marco de seguridad, dignidad, con servicios p\u00fabicos adecuados y en general con un estilo de vida digno\u201d, se\u00f1al\u00f3.\n\n<\/p>\n","protected":false},"excerpt":{"rendered":"<p>Armando Galicia En el marco del D\u00eda del Amor, este 14 de Febrero, alrededor de 200 parejas del municipio de Garc\u00eda legalizaron su uni\u00f3n y ahora est\u00e1n casadas legalmente. Tuvieron una emotiva ceremonia celebrada en el Auditorio Municipal, y otra m\u00e1s en un sal\u00f3n privado, como parte del Programa Brigadas de Bodas Colectivas organizadas por [&hellip;]<\/p>\n","protected":false},"author":1,"featured_media":302,"comment_status":"open","ping_status":"open","sticky":true,"template":"","format":"standard","meta":{"footnotes":""},"categories":[6],"tags":[],"_links":{"self":[{"href":"https:\/\/diariodigitalmx.com\/index.php\/wp-json\/wp\/v2\/posts\/301"}],"collection":[{"href":"https:\/\/diariodigitalmx.com\/index.php\/wp-json\/wp\/v2\/posts"}],"about":[{"href":"https:\/\/diariodigitalmx.com\/index.php\/wp-json\/wp\/v2\/types\/post"}],"author":[{"embeddable":true,"href":"https:\/\/diariodigitalmx.com\/index.php\/wp-json\/wp\/v2\/users\/1"}],"replies":[{"embeddable":true,"href":"https:\/\/diariodigitalmx.com\/index.php\/wp-json\/wp\/v2\/comments?post=301"}],"version-history":[{"count":1,"href":"https:\/\/diariodigitalmx.com\/index.php\/wp-json\/wp\/v2\/posts\/301\/revisions"}],"predecessor-version":[{"id":304,"href":"https:\/\/diariodigitalmx.com\/index.php\/wp-json\/wp\/v2\/posts\/301\/revisions\/304"}],"wp:featuredmedia":[{"embeddable":true,"href":"https:\/\/diariodigitalmx.com\/index.php\/wp-json\/wp\/v2\/media\/302"}],"wp:attachment":[{"href":"https:\/\/diariodigitalmx.com\/index.php\/wp-json\/wp\/v2\/media?parent=301"}],"wp:term":[{"taxonomy":"category","embeddable":true,"href":"https:\/\/diariodigitalmx.com\/index.php\/wp-json\/wp\/v2\/categories?post=301"},{"taxonomy":"post_tag","embeddable":true,"href":"https:\/\/diariodigitalmx.com\/index.php\/wp-json\/wp\/v2\/tags?post=301"}],"curies":[{"name":"wp","href":"https:\/\/api.w.org\/{rel}","templated":true}]}}