{"id":3043,"date":"2019-04-27T19:11:10","date_gmt":"2019-04-28T00:11:10","guid":{"rendered":"http:\/\/diariodigitalmx.com\/?p=3043"},"modified":"2019-04-27T19:11:12","modified_gmt":"2019-04-28T00:11:12","slug":"serlider-abp-y-comision-de-medio-ambiente-del-congreso-local-limpian-rio-santa-catarina","status":"publish","type":"post","link":"https:\/\/diariodigitalmx.com\/index.php\/2019\/04\/27\/serlider-abp-y-comision-de-medio-ambiente-del-congreso-local-limpian-rio-santa-catarina\/","title":{"rendered":"Serlider ABP y Comisi\u00f3n de Medio Ambiente del Congreso Local limpian r\u00edo Santa Catarina"},"content":{"rendered":"\n<p><em>Ivonne Bustos Paredes, coordinadora del Partido Verde, se\u00f1ala la necesidad de una Ley de Residuos s\u00f3lida para evitar contaminaci\u00f3n de suelo y agua.<\/em><br><\/p>\n\n\n\n<p>Trabajando en conjunto con la comunidad, la Comisi\u00f3n de Medio Ambiente del Congreso del Estado, que preside la diputada Ivonne Bustos Paredes y la agrupaci\u00f3n Serlider ABP realizaron labores de limpieza en el r\u00edo Santa Catarina.<br><\/p>\n\n\n\n<p>Un grupo de m\u00e1s de 100 j\u00f3venes y parte del equipo de grupo legislativo del Partido Verde Ecologista Mexicano, a quien se sum\u00f3 el diputado de Morena, Armando Torres se dieron a la tarea de limpiar esta zona, en el municipio de Guadalupe, encontrando desde llantas, &nbsp;residuos de pl\u00e1stico y otros materiales, con los que llenaron tres camiones. <br><\/p>\n\n\n\n<p>Bustos Paredes explic\u00f3 que es una zona muy importante, porque la gente acostumbra a desechar basura, escombro e incluso cosas que ya no les sirven y no saben donde dejarlas.<br><\/p>\n\n\n\n<p>\u201cLo que nosotros queremos es unirnos este esfuerzo de hacer una limpieza masiva que sirva como lecci\u00f3n para que entendamos que no podemos estar haciendo mal uso de los residuos, disponiendo de ellos en lugares donde no debemos porque son \u00e1reas naturales, como esta que es un r\u00edo\u201d, dijo.<br><\/p>\n\n\n\n<p>Explic\u00f3 que es muy com\u00fan ver a la gente dejar sus desechos en zonas naturales sobre todo en estas \u00e9pocas donde hay una temporada vacacional, por lo que hicieron el llamado a los ciudadanos, para que, si no pueden ir a limpiar, no ensucien.<br><\/p>\n\n\n\n<p>Para recoger los desechos, se recibi\u00f3 el apoyo de las autoridades del municipio de Guadalupe quienes enviaron los camiones de la direcci\u00f3n de Servicios P\u00fablicos para hacer el traslado y la disposici\u00f3n final.<br><\/p>\n\n\n\n<p>\u201cHay que reconocer que la alcaldesa (Cristina D\u00edaz) y felicitarla porque ella ha sido una de las que ha actuado contundentemente y se ha pronunciado para la aplicaci\u00f3n de sanciones para las personas que tiren basura\u201d, dijo.<br><\/p>\n\n\n\n<p>La coordinadora del GLPVEM agreg\u00f3 que otra de las razones por las que eligieron esta zona de trabajo, fue por que el Gobierno del Estado ya la ha intervenido con un programa de limpieza selectiva en el que hicieron un desmonte, pero no se llevaron los desechos y es necesario que se retiren porque en esta \u00e9poca de calor, puede haber un incendio en estas zonas, lo cual ser\u00eda riesgoso porque se trata de un espacio donde hay muchos \u00e1rboles, distintos tipos de flora e incluso fauna nativa.<br><\/p>\n\n\n\n<figure class=\"wp-block-image\"><img loading=\"lazy\" decoding=\"async\" width=\"1024\" height=\"682\" src=\"http:\/\/diariodigitalmx.com\/wp-content\/uploads\/2019\/04\/WhatsApp-Image-2019-04-27-at-12.53.46-1024x682.jpeg\" alt=\"\" class=\"wp-image-3046\" srcset=\"https:\/\/diariodigitalmx.com\/wp-content\/uploads\/2019\/04\/WhatsApp-Image-2019-04-27-at-12.53.46-1024x682.jpeg 1024w, https:\/\/diariodigitalmx.com\/wp-content\/uploads\/2019\/04\/WhatsApp-Image-2019-04-27-at-12.53.46-300x200.jpeg 300w, https:\/\/diariodigitalmx.com\/wp-content\/uploads\/2019\/04\/WhatsApp-Image-2019-04-27-at-12.53.46-768x512.jpeg 768w, https:\/\/diariodigitalmx.com\/wp-content\/uploads\/2019\/04\/WhatsApp-Image-2019-04-27-at-12.53.46.jpeg 1280w\" sizes=\"(max-width: 1024px) 100vw, 1024px\" \/><\/figure>\n","protected":false},"excerpt":{"rendered":"<p>Ivonne Bustos Paredes, coordinadora del Partido Verde, se\u00f1ala la necesidad de una Ley de Residuos s\u00f3lida para evitar contaminaci\u00f3n de suelo y agua. Trabajando en conjunto con la comunidad, la Comisi\u00f3n de Medio Ambiente del Congreso del Estado, que preside la diputada Ivonne Bustos Paredes y la agrupaci\u00f3n Serlider ABP realizaron labores de limpieza en [&hellip;]<\/p>\n","protected":false},"author":1,"featured_media":3045,"comment_status":"open","ping_status":"open","sticky":false,"template":"","format":"standard","meta":{"footnotes":""},"categories":[6,3,1],"tags":[],"_links":{"self":[{"href":"https:\/\/diariodigitalmx.com\/index.php\/wp-json\/wp\/v2\/posts\/3043"}],"collection":[{"href":"https:\/\/diariodigitalmx.com\/index.php\/wp-json\/wp\/v2\/posts"}],"about":[{"href":"https:\/\/diariodigitalmx.com\/index.php\/wp-json\/wp\/v2\/types\/post"}],"author":[{"embeddable":true,"href":"https:\/\/diariodigitalmx.com\/index.php\/wp-json\/wp\/v2\/users\/1"}],"replies":[{"embeddable":true,"href":"https:\/\/diariodigitalmx.com\/index.php\/wp-json\/wp\/v2\/comments?post=3043"}],"version-history":[{"count":2,"href":"https:\/\/diariodigitalmx.com\/index.php\/wp-json\/wp\/v2\/posts\/3043\/revisions"}],"predecessor-version":[{"id":3047,"href":"https:\/\/diariodigitalmx.com\/index.php\/wp-json\/wp\/v2\/posts\/3043\/revisions\/3047"}],"wp:featuredmedia":[{"embeddable":true,"href":"https:\/\/diariodigitalmx.com\/index.php\/wp-json\/wp\/v2\/media\/3045"}],"wp:attachment":[{"href":"https:\/\/diariodigitalmx.com\/index.php\/wp-json\/wp\/v2\/media?parent=3043"}],"wp:term":[{"taxonomy":"category","embeddable":true,"href":"https:\/\/diariodigitalmx.com\/index.php\/wp-json\/wp\/v2\/categories?post=3043"},{"taxonomy":"post_tag","embeddable":true,"href":"https:\/\/diariodigitalmx.com\/index.php\/wp-json\/wp\/v2\/tags?post=3043"}],"curies":[{"name":"wp","href":"https:\/\/api.w.org\/{rel}","templated":true}]}}