{"id":3081,"date":"2019-04-28T23:41:09","date_gmt":"2019-04-29T04:41:09","guid":{"rendered":"http:\/\/diariodigitalmx.com\/?p=3081"},"modified":"2019-04-28T23:49:02","modified_gmt":"2019-04-29T04:49:02","slug":"inminente-alza-de-tarifas-transportistas-presionan-y-dejarian-de-dar-servicio-tres-horas-de-500-a-800-am-este-lunes","status":"publish","type":"post","link":"https:\/\/diariodigitalmx.com\/index.php\/2019\/04\/28\/inminente-alza-de-tarifas-transportistas-presionan-y-dejarian-de-dar-servicio-tres-horas-de-500-a-800-am-este-lunes\/","title":{"rendered":"Inminente alza de tarifas; transportistas presionan y dejar\u00edan de dar servicio tres horas, de 5:00 a 8:00 am este lunes"},"content":{"rendered":"\n<p>Los transportistas &nbsp;de Nuevo Le\u00f3n dejar\u00edan de dar el servicio camionero de las cinco &nbsp;a las ocho de la ma\u00f1ana de este lunes con el prop\u00f3sito de presionar y que les autoricen el alza de tarifas.<br><\/p>\n\n\n\n<p>Tal decisi\u00f3n se tom\u00f3 en una reuni\u00f3n sostenida a la medianoche del domingo entre los camioneros encabezados por Juan Dom\u00ednguez, representante &nbsp;de los transportistas y el Gobierno del Estado con Jorge Longoria, director de la Agencia Estatal del Transporte.<br><\/p>\n\n\n\n<p>De acuerdo a informes obtenidos por Diario Digital, \u00a0\u00a0la finalidad es llegar a un acuerdo para el alza y posteriormente convocar al Consejo del Transporte y dar a conocer el porcentaje que podr\u00eda oscilar entre tres  y seis  pesos.<br><\/p>\n\n\n\n<p>La idea es paralizar el mayor n\u00famero de camiones en esas tres horas por lo que unas dos mil unidades de diversas rutas no saldr\u00edan a cubrir la ruta de las cinco a las ocho de la ma\u00f1ana con lo que de afectar\u00eda a miles de usuarios.<br><\/p>\n\n\n\n<p>El alza tarifaria ha estado aplazada desde septiembre del a\u00f1o pasado, y ha ocasionado tensi\u00f3n, enfrentamientos entre Estado y camioneros adem\u00e1s de protestas p\u00fablicas de organizaciones civiles como \u00danete Pueblo entre otras.<\/p>\n\n\n\n<p><\/p>\n\n\n\n<p><\/p>\n\n\n\n<p><\/p>\n","protected":false},"excerpt":{"rendered":"<p>Los transportistas &nbsp;de Nuevo Le\u00f3n dejar\u00edan de dar el servicio camionero de las cinco &nbsp;a las ocho de la ma\u00f1ana de este lunes con el prop\u00f3sito de presionar y que les autoricen el alza de tarifas. Tal decisi\u00f3n se tom\u00f3 en una reuni\u00f3n sostenida a la medianoche del domingo entre los camioneros encabezados por Juan [&hellip;]<\/p>\n","protected":false},"author":1,"featured_media":3083,"comment_status":"open","ping_status":"open","sticky":false,"template":"","format":"standard","meta":{"footnotes":""},"categories":[6,3,1],"tags":[],"_links":{"self":[{"href":"https:\/\/diariodigitalmx.com\/index.php\/wp-json\/wp\/v2\/posts\/3081"}],"collection":[{"href":"https:\/\/diariodigitalmx.com\/index.php\/wp-json\/wp\/v2\/posts"}],"about":[{"href":"https:\/\/diariodigitalmx.com\/index.php\/wp-json\/wp\/v2\/types\/post"}],"author":[{"embeddable":true,"href":"https:\/\/diariodigitalmx.com\/index.php\/wp-json\/wp\/v2\/users\/1"}],"replies":[{"embeddable":true,"href":"https:\/\/diariodigitalmx.com\/index.php\/wp-json\/wp\/v2\/comments?post=3081"}],"version-history":[{"count":4,"href":"https:\/\/diariodigitalmx.com\/index.php\/wp-json\/wp\/v2\/posts\/3081\/revisions"}],"predecessor-version":[{"id":3086,"href":"https:\/\/diariodigitalmx.com\/index.php\/wp-json\/wp\/v2\/posts\/3081\/revisions\/3086"}],"wp:featuredmedia":[{"embeddable":true,"href":"https:\/\/diariodigitalmx.com\/index.php\/wp-json\/wp\/v2\/media\/3083"}],"wp:attachment":[{"href":"https:\/\/diariodigitalmx.com\/index.php\/wp-json\/wp\/v2\/media?parent=3081"}],"wp:term":[{"taxonomy":"category","embeddable":true,"href":"https:\/\/diariodigitalmx.com\/index.php\/wp-json\/wp\/v2\/categories?post=3081"},{"taxonomy":"post_tag","embeddable":true,"href":"https:\/\/diariodigitalmx.com\/index.php\/wp-json\/wp\/v2\/tags?post=3081"}],"curies":[{"name":"wp","href":"https:\/\/api.w.org\/{rel}","templated":true}]}}