{"id":3089,"date":"2019-04-29T10:13:18","date_gmt":"2019-04-29T15:13:18","guid":{"rendered":"http:\/\/diariodigitalmx.com\/?p=3089"},"modified":"2019-04-29T10:15:38","modified_gmt":"2019-04-29T15:15:38","slug":"__trashed-5","status":"publish","type":"post","link":"https:\/\/diariodigitalmx.com\/index.php\/2019\/04\/29\/__trashed-5\/","title":{"rendered":"Por cierto&#8230;"},"content":{"rendered":"\n<p> El pejesidente tiene frente a s\u00ed un reto mayor. Urge la descentralizaci\u00f3n de las dependencias federales. Vaya, baj\u00f3 salarios y ahora mover\u00e1n los contratos laborales y el famoso apartado B de la ley federal del trabajo para que los bur\u00f3cratas de planta pero no sindicalizados trabajen de lunes a s\u00e1bado. <\/p>\n\n\n\n<p>Es que AMLO est\u00e1 terminando con aquello de que ser bur\u00f3crata era un boleto de loter\u00eda.<\/p>\n\n\n\n<p> El \u00fanico \u201caseg\u00fan\u201d es que en esas condiciones los posibles interesados en chambear ser\u00e1n capitalinos y ah\u00ed puede echarse al espinazo a los 100 millones de connacionales que no habitan en el ex DF y podr\u00edan aspirar a una n\u00f3mina segura y rentable en comparaci\u00f3n con los salarios del resto del pa\u00eds&#8230; <\/p>\n\n\n\n<p>Sobre el famoso tren maya leo que muchos hablan mucho y la mayor\u00eda no conoce de la pen\u00ednsula m\u00e1s all\u00e1 de Canc\u00fan y Playa del Carmen. \u00a1Ma\u00f1ana abundaremos! <\/p>\n\n\n\n<p><a rel=\"noreferrer noopener\" href=\"http:\/\/www.estudiospoliticos.mx\/\" target=\"_blank\">www.estudiospoliticos.mx<\/a><\/p>\n\n\n\n<p><a rel=\"noreferrer noopener\" href=\"http:\/\/facebook.com\/EstudiosPoliticos.mx\" target=\"_blank\">Facebook.com\/EstudiosPoliticos.mx<\/a><\/p>\n\n\n\n<p>@EstudiosMx <\/p>\n","protected":false},"excerpt":{"rendered":"<p>El pejesidente tiene frente a s\u00ed un reto mayor. Urge la descentralizaci\u00f3n de las dependencias federales. Vaya, baj\u00f3 salarios y ahora mover\u00e1n los contratos laborales y el famoso apartado B de la ley federal del trabajo para que los bur\u00f3cratas de planta pero no sindicalizados trabajen de lunes a s\u00e1bado. Es que AMLO est\u00e1 terminando [&hellip;]<\/p>\n","protected":false},"author":1,"featured_media":1121,"comment_status":"open","ping_status":"open","sticky":true,"template":"","format":"standard","meta":{"footnotes":""},"categories":[1],"tags":[],"_links":{"self":[{"href":"https:\/\/diariodigitalmx.com\/index.php\/wp-json\/wp\/v2\/posts\/3089"}],"collection":[{"href":"https:\/\/diariodigitalmx.com\/index.php\/wp-json\/wp\/v2\/posts"}],"about":[{"href":"https:\/\/diariodigitalmx.com\/index.php\/wp-json\/wp\/v2\/types\/post"}],"author":[{"embeddable":true,"href":"https:\/\/diariodigitalmx.com\/index.php\/wp-json\/wp\/v2\/users\/1"}],"replies":[{"embeddable":true,"href":"https:\/\/diariodigitalmx.com\/index.php\/wp-json\/wp\/v2\/comments?post=3089"}],"version-history":[{"count":2,"href":"https:\/\/diariodigitalmx.com\/index.php\/wp-json\/wp\/v2\/posts\/3089\/revisions"}],"predecessor-version":[{"id":3091,"href":"https:\/\/diariodigitalmx.com\/index.php\/wp-json\/wp\/v2\/posts\/3089\/revisions\/3091"}],"wp:featuredmedia":[{"embeddable":true,"href":"https:\/\/diariodigitalmx.com\/index.php\/wp-json\/wp\/v2\/media\/1121"}],"wp:attachment":[{"href":"https:\/\/diariodigitalmx.com\/index.php\/wp-json\/wp\/v2\/media?parent=3089"}],"wp:term":[{"taxonomy":"category","embeddable":true,"href":"https:\/\/diariodigitalmx.com\/index.php\/wp-json\/wp\/v2\/categories?post=3089"},{"taxonomy":"post_tag","embeddable":true,"href":"https:\/\/diariodigitalmx.com\/index.php\/wp-json\/wp\/v2\/tags?post=3089"}],"curies":[{"name":"wp","href":"https:\/\/api.w.org\/{rel}","templated":true}]}}