{"id":3092,"date":"2019-04-29T10:23:39","date_gmt":"2019-04-29T15:23:39","guid":{"rendered":"http:\/\/diariodigitalmx.com\/?p=3092"},"modified":"2019-04-29T10:37:18","modified_gmt":"2019-04-29T15:37:18","slug":"reitera-amlo-que-compra-de-pipas-de-pemex-esta-apegado-a-la-ley-y-hoy-abrira-toda-la-informacion-para-transparentarla","status":"publish","type":"post","link":"https:\/\/diariodigitalmx.com\/index.php\/2019\/04\/29\/reitera-amlo-que-compra-de-pipas-de-pemex-esta-apegado-a-la-ley-y-hoy-abrira-toda-la-informacion-para-transparentarla\/","title":{"rendered":"Reitera AMLO que compra de pipas de Pemex esta apegado a la ley y hoy abrir\u00e1 toda la informaci\u00f3n para transparentarla"},"content":{"rendered":"\n<p><strong>Armando&nbsp;Zu\u00f1iga\ufeff<\/strong><\/p>\n\n\n\n<p><strong>Ante el llamado que hizo el Instituto Nacional de Acceso a la Informaci\u00f3n, a Pemex, para transparentar los contratos de la adjudicaci\u00f3n de pipas de a empresas extranjeras de forma directa, el Presidente Andr\u00e9s Manuel L\u00f3pez Obrador, inform\u00f3 que este lunes se har\u00e1 p\u00fablica toda la informaci\u00f3n.<\/strong><\/p>\n\n\n\n<p><strong>Record\u00f3 que ante la urgencia por el desabasto de combustibles debido al huachicoleo, su gobierno se vio en la necesidad de comprar directamente las pipas en Estados Unidos pues si realizaban la licitaci\u00f3n p\u00fablica estas iban a ser entregadas en Marzo.<\/strong><\/p>\n\n\n\n<p><strong>\u201cNos iban a entregar las pipas hasta marzo, por eso se decidi\u00f3 la compra&nbsp;&nbsp;&nbsp;que fue acordada entre las secretar\u00edas de Econom\u00eda, Hacienda y de la Funci\u00f3n P\u00fablica, se cumpli\u00f3 el procedimiento se resolvi\u00f3 el problema si hay dudas lo aclaramos\u201d. Dijo.<\/strong><\/p>\n\n\n\n<p><strong>De nueva cuenta el mandatario federal arremeti\u00f3 contra sus adversarios al afirmar que en sexenios pasados las licitaciones solo se hac\u00edan en el papel pues las adjudicaciones eran para sus empresas favoritas como en los sexenios de Salinas, Zedillo, Fox, Calder\u00f3n y Pe\u00f1a.<\/strong><\/p>\n\n\n\n<p><strong>\u201cEra com\u00fan en administraciones pasadas que se abr\u00edan en apariencia se descalificaba con argucias a los que no les conven\u00eda y se le daba al que el gobierno quer\u00eda, por ejemplo una vez una empresa extranjera en el sexenio de Calder\u00f3n, fue la predilecta y luego otra empresa extranjera del mismo pa\u00eds fue una de las predilectas del sexenio pasada\u201d.<\/strong><\/p>\n\n\n\n<p><strong>Incluso destac\u00f3 que hasta se dieron el lujo de dejar fuera a una empresa de Carlos Slim por considerar que no ten\u00eda solvencia econ\u00f3mica: \u201cPara hacer una autopista en el Estado de M\u00e9xico, compite con una de Carlos Slim, la de este ofrec\u00eda menor costo por la obra con mejores condiciones de la obra y los que calificaron se la dieron a la empresa extranjera favorita argumentando que la de Slim no ten\u00eda solvencia econ\u00f3mica\u201d.<\/strong><\/p>\n\n\n\n<p><strong>Ante ello precis\u00f3 que esto no volver\u00e1 a repetirse: \u201cDejo en claro que no vamos a permitir que participen empresas de pa\u00edses en cuyos gobiernos no se considere la \u00e9tica no queremos que se vea a M\u00e9xico como un pa\u00eds de conquista se acab\u00f3 el saqueo\u201d.<\/strong><\/p>\n","protected":false},"excerpt":{"rendered":"<p>Armando&nbsp;Zu\u00f1iga\ufeff Ante el llamado que hizo el Instituto Nacional de Acceso a la Informaci\u00f3n, a Pemex, para transparentar los contratos de la adjudicaci\u00f3n de pipas de a empresas extranjeras de forma directa, el Presidente Andr\u00e9s Manuel L\u00f3pez Obrador, inform\u00f3 que este lunes se har\u00e1 p\u00fablica toda la informaci\u00f3n. Record\u00f3 que ante la urgencia por el [&hellip;]<\/p>\n","protected":false},"author":1,"featured_media":3093,"comment_status":"open","ping_status":"open","sticky":true,"template":"","format":"standard","meta":{"footnotes":""},"categories":[2],"tags":[],"_links":{"self":[{"href":"https:\/\/diariodigitalmx.com\/index.php\/wp-json\/wp\/v2\/posts\/3092"}],"collection":[{"href":"https:\/\/diariodigitalmx.com\/index.php\/wp-json\/wp\/v2\/posts"}],"about":[{"href":"https:\/\/diariodigitalmx.com\/index.php\/wp-json\/wp\/v2\/types\/post"}],"author":[{"embeddable":true,"href":"https:\/\/diariodigitalmx.com\/index.php\/wp-json\/wp\/v2\/users\/1"}],"replies":[{"embeddable":true,"href":"https:\/\/diariodigitalmx.com\/index.php\/wp-json\/wp\/v2\/comments?post=3092"}],"version-history":[{"count":2,"href":"https:\/\/diariodigitalmx.com\/index.php\/wp-json\/wp\/v2\/posts\/3092\/revisions"}],"predecessor-version":[{"id":3108,"href":"https:\/\/diariodigitalmx.com\/index.php\/wp-json\/wp\/v2\/posts\/3092\/revisions\/3108"}],"wp:featuredmedia":[{"embeddable":true,"href":"https:\/\/diariodigitalmx.com\/index.php\/wp-json\/wp\/v2\/media\/3093"}],"wp:attachment":[{"href":"https:\/\/diariodigitalmx.com\/index.php\/wp-json\/wp\/v2\/media?parent=3092"}],"wp:term":[{"taxonomy":"category","embeddable":true,"href":"https:\/\/diariodigitalmx.com\/index.php\/wp-json\/wp\/v2\/categories?post=3092"},{"taxonomy":"post_tag","embeddable":true,"href":"https:\/\/diariodigitalmx.com\/index.php\/wp-json\/wp\/v2\/tags?post=3092"}],"curies":[{"name":"wp","href":"https:\/\/api.w.org\/{rel}","templated":true}]}}