{"id":3095,"date":"2019-04-29T10:25:31","date_gmt":"2019-04-29T15:25:31","guid":{"rendered":"http:\/\/diariodigitalmx.com\/?p=3095"},"modified":"2019-04-29T10:37:02","modified_gmt":"2019-04-29T15:37:02","slug":"amlo-reafirma-que-son-excelentes-sus-relaciones-con-la-ip-donde-no-hay-sumision","status":"publish","type":"post","link":"https:\/\/diariodigitalmx.com\/index.php\/2019\/04\/29\/amlo-reafirma-que-son-excelentes-sus-relaciones-con-la-ip-donde-no-hay-sumision\/","title":{"rendered":"AMLO reafirma que son excelentes sus relaciones con la IP donde no hay sumisi\u00f3n"},"content":{"rendered":"\n<p><strong>Armando&nbsp;Zu\u00f1iga\ufeff<\/strong><\/p>\n\n\n\n<p><strong>El&nbsp;Presidente Andr\u00e9s Manuel L\u00f3pez Obrador,&nbsp;asegur\u00f3 que existe una buena relaci\u00f3n con la iniciativa privada y que no existe sumisi\u00f3n por parte de su gobierno.<\/strong><\/p>\n\n\n\n<p><strong>En la ma\u00f1anera 107, dio a conocer que hace poco comi\u00f3 con el empresario&nbsp;Carlos Slim&nbsp;y que tuvo una muy buena conversaci\u00f3n a pesar de no estar de acuerdo en todo.<\/strong><\/p>\n\n\n\n<p><strong>\u201c<\/strong><strong>Acabo de comer hace una semana con&nbsp;Carlos Slim&nbsp;y fue una muy buena conversaci\u00f3n pero no coincidimos en todo\u2026 es un hombre de criterio y yo tambi\u00e9n, no hay sumisi\u00f3n\u201d, indic\u00f3.<\/strong><\/p>\n\n\n\n<p><strong>Adem\u00e1s, coment\u00f3 que tambi\u00e9n existe una buena relaci\u00f3n con otros empresarios como&nbsp;Ricardo Salinas Pliego, a pesar de las discrepancias.<\/strong><\/p>\n\n\n\n<p><strong>El mandatario federal dej\u00f3 claro que aunque no debe de existir una relaci\u00f3n de sumisi\u00f3n o incondicional, s\u00ed debe de priorizarse el respeto.<\/strong><\/p>\n","protected":false},"excerpt":{"rendered":"<p>Armando&nbsp;Zu\u00f1iga\ufeff El&nbsp;Presidente Andr\u00e9s Manuel L\u00f3pez Obrador,&nbsp;asegur\u00f3 que existe una buena relaci\u00f3n con la iniciativa privada y que no existe sumisi\u00f3n por parte de su gobierno. En la ma\u00f1anera 107, dio a conocer que hace poco comi\u00f3 con el empresario&nbsp;Carlos Slim&nbsp;y que tuvo una muy buena conversaci\u00f3n a pesar de no estar de acuerdo en todo. [&hellip;]<\/p>\n","protected":false},"author":1,"featured_media":3096,"comment_status":"open","ping_status":"open","sticky":true,"template":"","format":"standard","meta":{"footnotes":""},"categories":[2,3],"tags":[],"_links":{"self":[{"href":"https:\/\/diariodigitalmx.com\/index.php\/wp-json\/wp\/v2\/posts\/3095"}],"collection":[{"href":"https:\/\/diariodigitalmx.com\/index.php\/wp-json\/wp\/v2\/posts"}],"about":[{"href":"https:\/\/diariodigitalmx.com\/index.php\/wp-json\/wp\/v2\/types\/post"}],"author":[{"embeddable":true,"href":"https:\/\/diariodigitalmx.com\/index.php\/wp-json\/wp\/v2\/users\/1"}],"replies":[{"embeddable":true,"href":"https:\/\/diariodigitalmx.com\/index.php\/wp-json\/wp\/v2\/comments?post=3095"}],"version-history":[{"count":2,"href":"https:\/\/diariodigitalmx.com\/index.php\/wp-json\/wp\/v2\/posts\/3095\/revisions"}],"predecessor-version":[{"id":3107,"href":"https:\/\/diariodigitalmx.com\/index.php\/wp-json\/wp\/v2\/posts\/3095\/revisions\/3107"}],"wp:featuredmedia":[{"embeddable":true,"href":"https:\/\/diariodigitalmx.com\/index.php\/wp-json\/wp\/v2\/media\/3096"}],"wp:attachment":[{"href":"https:\/\/diariodigitalmx.com\/index.php\/wp-json\/wp\/v2\/media?parent=3095"}],"wp:term":[{"taxonomy":"category","embeddable":true,"href":"https:\/\/diariodigitalmx.com\/index.php\/wp-json\/wp\/v2\/categories?post=3095"},{"taxonomy":"post_tag","embeddable":true,"href":"https:\/\/diariodigitalmx.com\/index.php\/wp-json\/wp\/v2\/tags?post=3095"}],"curies":[{"name":"wp","href":"https:\/\/api.w.org\/{rel}","templated":true}]}}