{"id":3098,"date":"2019-04-29T10:30:14","date_gmt":"2019-04-29T15:30:14","guid":{"rendered":"http:\/\/diariodigitalmx.com\/?p=3098"},"modified":"2019-04-29T10:30:15","modified_gmt":"2019-04-29T15:30:15","slug":"3098","status":"publish","type":"post","link":"https:\/\/diariodigitalmx.com\/index.php\/2019\/04\/29\/3098\/","title":{"rendered":""},"content":{"rendered":"\n<h2 class=\"wp-block-heading\">L\u00f3pez Obrador dijo que sin importar si gano el  Movimiento Liberal o el conservador en Espa\u00f1a, \u00e9l buscar\u00e1 buenas relaciones con gobiernos extranjeros <\/h2>\n\n\n\n<p>Armando Zu\u00f1iga<\/p>\n\n\n\n<p><strong>El Presidente\u00a0Andr\u00e9s Manuel L\u00f3pez Obrador<\/strong>,<strong>\u00a0comento respecto a las elecciones legislativas de Espa\u00f1a, que \u201cle fue muy bien al movimiento liberal\u201d, pues ayer Pedro S\u00e1nchez y su partido el PSOE, salieron victoriosos.<\/strong><\/p>\n\n\n\n<p><strong>Al ser cuestionado en su conferencia de prensa, el mandatario expuso que independientemente de los resultados, su administraci\u00f3n buscar\u00e1 tener&nbsp;buenas relaciones&nbsp;con todos los gobiernos del mundo, \u201csean de tendencia liberal o de tendencia conservadora\u201d: \u201cLe fue&nbsp;muy bien al movimiento liberal espa\u00f1ol, no sucedi\u00f3 lo mismo con el movimiento conservador, que no avanzaron, no les alcanz\u00f3\u201d.<\/strong><\/p>\n\n\n\n<p><strong>L\u00f3pez Obrador insisti\u00f3 en que no puede involucrarse en asuntos internos de otros pueblos por el&nbsp;principio de no intervenci\u00f3n y autodeterminaci\u00f3n de los pueblos<\/strong>:&nbsp;<strong>\u201cEso es lo que puedo comentar, no me voy a involucrar en asuntos que corresponden a otros pueblos, decisiones que corresponden a pueblos y a gobiernos extranjeros, vamos a ser muy respetuosos\u201d.<\/strong><\/p>\n","protected":false},"excerpt":{"rendered":"<p>L\u00f3pez Obrador dijo que sin importar si gano el Movimiento Liberal o el conservador en Espa\u00f1a, \u00e9l buscar\u00e1 buenas relaciones con gobiernos extranjeros Armando Zu\u00f1iga El Presidente\u00a0Andr\u00e9s Manuel L\u00f3pez Obrador,\u00a0comento respecto a las elecciones legislativas de Espa\u00f1a, que \u201cle fue muy bien al movimiento liberal\u201d, pues ayer Pedro S\u00e1nchez y su partido el PSOE, salieron [&hellip;]<\/p>\n","protected":false},"author":1,"featured_media":3099,"comment_status":"open","ping_status":"open","sticky":true,"template":"","format":"standard","meta":{"footnotes":""},"categories":[2],"tags":[],"_links":{"self":[{"href":"https:\/\/diariodigitalmx.com\/index.php\/wp-json\/wp\/v2\/posts\/3098"}],"collection":[{"href":"https:\/\/diariodigitalmx.com\/index.php\/wp-json\/wp\/v2\/posts"}],"about":[{"href":"https:\/\/diariodigitalmx.com\/index.php\/wp-json\/wp\/v2\/types\/post"}],"author":[{"embeddable":true,"href":"https:\/\/diariodigitalmx.com\/index.php\/wp-json\/wp\/v2\/users\/1"}],"replies":[{"embeddable":true,"href":"https:\/\/diariodigitalmx.com\/index.php\/wp-json\/wp\/v2\/comments?post=3098"}],"version-history":[{"count":1,"href":"https:\/\/diariodigitalmx.com\/index.php\/wp-json\/wp\/v2\/posts\/3098\/revisions"}],"predecessor-version":[{"id":3100,"href":"https:\/\/diariodigitalmx.com\/index.php\/wp-json\/wp\/v2\/posts\/3098\/revisions\/3100"}],"wp:featuredmedia":[{"embeddable":true,"href":"https:\/\/diariodigitalmx.com\/index.php\/wp-json\/wp\/v2\/media\/3099"}],"wp:attachment":[{"href":"https:\/\/diariodigitalmx.com\/index.php\/wp-json\/wp\/v2\/media?parent=3098"}],"wp:term":[{"taxonomy":"category","embeddable":true,"href":"https:\/\/diariodigitalmx.com\/index.php\/wp-json\/wp\/v2\/categories?post=3098"},{"taxonomy":"post_tag","embeddable":true,"href":"https:\/\/diariodigitalmx.com\/index.php\/wp-json\/wp\/v2\/tags?post=3098"}],"curies":[{"name":"wp","href":"https:\/\/api.w.org\/{rel}","templated":true}]}}