{"id":3101,"date":"2019-04-29T10:32:48","date_gmt":"2019-04-29T15:32:48","guid":{"rendered":"http:\/\/diariodigitalmx.com\/?p=3101"},"modified":"2019-04-29T10:32:49","modified_gmt":"2019-04-29T15:32:49","slug":"reitera-amlo-que-la-gente-del-istmo-esta-a-favor-del-tren-quienes-no-son-nuestros-adversarios","status":"publish","type":"post","link":"https:\/\/diariodigitalmx.com\/index.php\/2019\/04\/29\/reitera-amlo-que-la-gente-del-istmo-esta-a-favor-del-tren-quienes-no-son-nuestros-adversarios\/","title":{"rendered":"Reitera AMLO que la gente del Istmo est\u00e1 a favor del tren quienes no son nuestros adversarios"},"content":{"rendered":"\n<p>Armando Zu\u00f1iga<\/p>\n\n\n\n<p><strong>El\u00a0Presidente Andr\u00e9s Manuel L\u00f3pez Obrador,\u00a0asegur\u00f3 que debido a que hay tendencia a obstaculizar y distorsionar la informaci\u00f3n, decidi\u00f3 ayer hacer una consulta a mano alzada a los m\u00e1s de diez mil asistentes que estuvieron en Juchit\u00e1n, Oaxaca, para preguntarles sobre el Tren Trans\u00edstmico.<\/strong><\/p>\n\n\n\n<p><strong>En la ma\u00f1anera de este lunes, el mandatario federal coment\u00f3 que por unanimidad las m\u00e1s de diez mil personas levantaron la mano a favor del proyecto por sentido com\u00fan.<\/strong><\/p>\n\n\n\n<p><strong>\u201c<\/strong><strong>Le pregunt\u00e9 a la gente sobre el tema, a los diez mil que representaban a todas las corrientes porque hab\u00edan del&nbsp;<\/strong><strong>PRI, PAN y Morena<\/strong><strong>, hab\u00edan de organizaciones sociales, era muy plural la asamblea y por unanimidad m\u00e1s de 10 mil levantaron la mano a favor del proyecto porque es de sentido com\u00fan, c\u00f3mo no van a querer que se rehabilite el tren para que haya comunicaci\u00f3n en el Istmo\u201d, indic\u00f3.<\/strong><\/p>\n\n\n\n<p><strong>Destac\u00f3 que el proyecto para el desarrollo del Istmo de Tehuantepec incluye la ampliaci\u00f3n de los puertos de&nbsp;<\/strong><strong>Salina Cruz y de Coatzacoalcos<\/strong><strong>&nbsp;que fueron construidos en la \u00e9poca de Porfirio D\u00edaz.<\/strong><strong><\/strong><\/p>\n\n\n\n<h2 class=\"wp-block-heading\">\u201cPorque el pueblo es sabio nos dio su confianza\u201d, asegur\u00f3 el presidente Andr\u00e9s Manuel L\u00f3pez Obrador, sobre una consulta realizada por su Gobierno sobre el&nbsp;<strong>plan de desarrollo del Istmo<\/strong>.<\/h2>\n\n\n\n<p><strong>Expuso que la gente vot\u00f3 a favor del proyecto, pero para ratificarla, pidi\u00f3 a los asistentes a su&nbsp;mitin en Juchit\u00e1n&nbsp;que alzaran la mano si estaban en contra, siendo nula la participaci\u00f3n.&nbsp;Por el contrario, la mayor\u00eda levant\u00f3 la mano para votar por el \u2018s\u00ed\u2019.<\/strong><\/p>\n\n\n\n<p><strong>El mandatario destac\u00f3 que Plan Nacional de Desarrollo que est\u00e1n elaborando, ser\u00e1 uno \u201ccomo no se ha visto en mucho tiempo\u201d e incluye la ampliaci\u00f3n de los dos puertos que unen al Oc\u00e9ano Pac\u00edfico con el Atl\u00e1ntico y con el Golfo de M\u00e9xico: \u201cSe van a ampliar los&nbsp;puertos de Salina Cruz&nbsp;y Coatzacoalcos y se reconstruir\u00e1 la l\u00ednea f\u00e9rrea para un&nbsp;tren de carga y de pasajeros&nbsp;a Coatzacoalcos y habr\u00e1 una&nbsp;zona franca&nbsp;o libre para que los inversores tengan facilidades como el&nbsp;ISR&nbsp;e&nbsp;IVA&nbsp;a la mitad\u201d.<\/strong><br><\/p>\n","protected":false},"excerpt":{"rendered":"<p>Armando Zu\u00f1iga El\u00a0Presidente Andr\u00e9s Manuel L\u00f3pez Obrador,\u00a0asegur\u00f3 que debido a que hay tendencia a obstaculizar y distorsionar la informaci\u00f3n, decidi\u00f3 ayer hacer una consulta a mano alzada a los m\u00e1s de diez mil asistentes que estuvieron en Juchit\u00e1n, Oaxaca, para preguntarles sobre el Tren Trans\u00edstmico. En la ma\u00f1anera de este lunes, el mandatario federal coment\u00f3 [&hellip;]<\/p>\n","protected":false},"author":1,"featured_media":3102,"comment_status":"open","ping_status":"open","sticky":true,"template":"","format":"standard","meta":{"footnotes":""},"categories":[2],"tags":[],"_links":{"self":[{"href":"https:\/\/diariodigitalmx.com\/index.php\/wp-json\/wp\/v2\/posts\/3101"}],"collection":[{"href":"https:\/\/diariodigitalmx.com\/index.php\/wp-json\/wp\/v2\/posts"}],"about":[{"href":"https:\/\/diariodigitalmx.com\/index.php\/wp-json\/wp\/v2\/types\/post"}],"author":[{"embeddable":true,"href":"https:\/\/diariodigitalmx.com\/index.php\/wp-json\/wp\/v2\/users\/1"}],"replies":[{"embeddable":true,"href":"https:\/\/diariodigitalmx.com\/index.php\/wp-json\/wp\/v2\/comments?post=3101"}],"version-history":[{"count":1,"href":"https:\/\/diariodigitalmx.com\/index.php\/wp-json\/wp\/v2\/posts\/3101\/revisions"}],"predecessor-version":[{"id":3103,"href":"https:\/\/diariodigitalmx.com\/index.php\/wp-json\/wp\/v2\/posts\/3101\/revisions\/3103"}],"wp:featuredmedia":[{"embeddable":true,"href":"https:\/\/diariodigitalmx.com\/index.php\/wp-json\/wp\/v2\/media\/3102"}],"wp:attachment":[{"href":"https:\/\/diariodigitalmx.com\/index.php\/wp-json\/wp\/v2\/media?parent=3101"}],"wp:term":[{"taxonomy":"category","embeddable":true,"href":"https:\/\/diariodigitalmx.com\/index.php\/wp-json\/wp\/v2\/categories?post=3101"},{"taxonomy":"post_tag","embeddable":true,"href":"https:\/\/diariodigitalmx.com\/index.php\/wp-json\/wp\/v2\/tags?post=3101"}],"curies":[{"name":"wp","href":"https:\/\/api.w.org\/{rel}","templated":true}]}}