{"id":3104,"date":"2019-04-29T10:35:58","date_gmt":"2019-04-29T15:35:58","guid":{"rendered":"http:\/\/diariodigitalmx.com\/?p=3104"},"modified":"2019-04-29T10:35:59","modified_gmt":"2019-04-29T15:35:59","slug":"demanda-amlo-al-facebook-y-twitter-no-permitir-acceso-a-robots-que-publican-bots-para-solo-desprestigiar-ao-echar-culpas","status":"publish","type":"post","link":"https:\/\/diariodigitalmx.com\/index.php\/2019\/04\/29\/demanda-amlo-al-facebook-y-twitter-no-permitir-acceso-a-robots-que-publican-bots-para-solo-desprestigiar-ao-echar-culpas\/","title":{"rendered":"Demanda AMLO al facebook y Twitter no permitir acceso a robots que publican bots para solo desprestigiar ao echar culpas"},"content":{"rendered":"\n<p><strong>Armando\u00a0Zu\u00f1iga<\/strong><\/p>\n\n\n\n<p><strong>El Presidente<\/strong><strong>&nbsp;<\/strong><strong>Andr\u00e9s Manuel L\u00f3pez Obrador, afirm\u00f3 que&nbsp;<\/strong><strong>Los bots son una p\u00e9rdida de tiempo, por lo que demand\u00f3 que ah\u00ed deber\u00eda de intervenir&nbsp;las compa\u00f1\u00edas&nbsp;Twitter y Facebook,<\/strong><strong>&nbsp;<\/strong><strong>porque hay falta de \u00e9tica en aras de vender lo mercantil, disminuyen el valor \u00e9tico.<\/strong><\/p>\n\n\n\n<p><strong>En la ma\u00f1anera 107, puntualiz\u00f3: &#8220;Sin duda que hay bots, ahora que hubo una elecci\u00f3n, hubo un debate del manejo de los bots, est\u00e1 demostrado que existen, entonces mucho ojo, cuidado porque podemos tener diferencias\u201d<\/strong><\/p>\n\n\n\n<p><strong>Coment\u00f3 que est\u00e1 demostrado que los bots existen y que incluso se han dado campa\u00f1as contra algunos medios de comunicaci\u00f3n, aunque reconoci\u00f3 que sus seguidores han lanzado en redes sociales para defender a su gobierno.&nbsp;\u201cSin duda que hay&nbsp;bots<\/strong>,<strong>&nbsp;ahora que hubo una elecci\u00f3n, hubo un debate del manejo de los bots, est\u00e1 demostrado que existen, entonces cuidado porque podemos tener diferencias\u201d.<\/strong><\/p>\n\n\n\n<p><strong>El Presidente\u00a0Andr\u00e9s Manuel L\u00f3pez Obrador, afirm\u00f3 que\u00a0Los bots son una p\u00e9rdida de tiempo, por lo que demand\u00f3 que ah\u00ed deber\u00eda de intervenir\u00a0las compa\u00f1\u00edas\u00a0Twitter y Facebook,\u00a0porque hay falta de \u00e9tica en aras de vender lo mercantil, disminuyen el valor \u00e9tico.<\/strong><\/p>\n\n\n\n<p><strong>En la ma\u00f1anera 107, puntualiz\u00f3: &#8220;Sin duda que hay bots, ahora que hubo una elecci\u00f3n, hubo un debate del manejo de los bots, est\u00e1 demostrado que existen, entonces mucho ojo, cuidado porque podemos tener diferencias\u201d<\/strong><\/p>\n\n\n\n<p><strong>Coment\u00f3 que est\u00e1 demostrado que los bots existen y que incluso se han dado campa\u00f1as contra algunos medios de comunicaci\u00f3n, aunque reconoci\u00f3 que sus seguidores han lanzado en redes sociales para defender a su gobierno.&nbsp;\u201cSin duda que hay&nbsp;bots<\/strong>,<strong>&nbsp;ahora que hubo una elecci\u00f3n, hubo un debate del manejo de los bots, est\u00e1 demostrado que existen, entonces cuidado porque podemos tener diferencias\u201d.<\/strong><\/p>\n","protected":false},"excerpt":{"rendered":"<p>Armando\u00a0Zu\u00f1iga El Presidente&nbsp;Andr\u00e9s Manuel L\u00f3pez Obrador, afirm\u00f3 que&nbsp;Los bots son una p\u00e9rdida de tiempo, por lo que demand\u00f3 que ah\u00ed deber\u00eda de intervenir&nbsp;las compa\u00f1\u00edas&nbsp;Twitter y Facebook,&nbsp;porque hay falta de \u00e9tica en aras de vender lo mercantil, disminuyen el valor \u00e9tico. En la ma\u00f1anera 107, puntualiz\u00f3: &#8220;Sin duda que hay bots, ahora que hubo una elecci\u00f3n, [&hellip;]<\/p>\n","protected":false},"author":1,"featured_media":3105,"comment_status":"open","ping_status":"open","sticky":true,"template":"","format":"standard","meta":{"footnotes":""},"categories":[2],"tags":[],"_links":{"self":[{"href":"https:\/\/diariodigitalmx.com\/index.php\/wp-json\/wp\/v2\/posts\/3104"}],"collection":[{"href":"https:\/\/diariodigitalmx.com\/index.php\/wp-json\/wp\/v2\/posts"}],"about":[{"href":"https:\/\/diariodigitalmx.com\/index.php\/wp-json\/wp\/v2\/types\/post"}],"author":[{"embeddable":true,"href":"https:\/\/diariodigitalmx.com\/index.php\/wp-json\/wp\/v2\/users\/1"}],"replies":[{"embeddable":true,"href":"https:\/\/diariodigitalmx.com\/index.php\/wp-json\/wp\/v2\/comments?post=3104"}],"version-history":[{"count":1,"href":"https:\/\/diariodigitalmx.com\/index.php\/wp-json\/wp\/v2\/posts\/3104\/revisions"}],"predecessor-version":[{"id":3106,"href":"https:\/\/diariodigitalmx.com\/index.php\/wp-json\/wp\/v2\/posts\/3104\/revisions\/3106"}],"wp:featuredmedia":[{"embeddable":true,"href":"https:\/\/diariodigitalmx.com\/index.php\/wp-json\/wp\/v2\/media\/3105"}],"wp:attachment":[{"href":"https:\/\/diariodigitalmx.com\/index.php\/wp-json\/wp\/v2\/media?parent=3104"}],"wp:term":[{"taxonomy":"category","embeddable":true,"href":"https:\/\/diariodigitalmx.com\/index.php\/wp-json\/wp\/v2\/categories?post=3104"},{"taxonomy":"post_tag","embeddable":true,"href":"https:\/\/diariodigitalmx.com\/index.php\/wp-json\/wp\/v2\/tags?post=3104"}],"curies":[{"name":"wp","href":"https:\/\/api.w.org\/{rel}","templated":true}]}}