{"id":3109,"date":"2019-04-29T10:51:59","date_gmt":"2019-04-29T15:51:59","guid":{"rendered":"http:\/\/diariodigitalmx.com\/?p=3109"},"modified":"2019-04-29T10:52:00","modified_gmt":"2019-04-29T15:52:00","slug":"cumplieron-pararon-y-afectaron-a-miles-de-usuarios-del-transporte-urbano","status":"publish","type":"post","link":"https:\/\/diariodigitalmx.com\/index.php\/2019\/04\/29\/cumplieron-pararon-y-afectaron-a-miles-de-usuarios-del-transporte-urbano\/","title":{"rendered":"Cumplieron, pararon y afectaron a miles de usuarios  del transporte urbano"},"content":{"rendered":"\n<p>David Casas<br><\/p>\n\n\n\n<p>Monterrey, N. L- El caos se desat\u00f3 en Monterrey y la zona conurbada al parar rutas camioneras en presi\u00f3n para que les autoricen un alza de tarifa.<\/p>\n\n\n\n<p><\/p>\n\n\n\n<p> Los transportistas &nbsp;de Nuevo Le\u00f3n dejaron de prestar &nbsp;el servicio camionero de las cinco &nbsp;a las ocho de la ma\u00f1ana de este lunes.<br><\/p>\n\n\n\n<p>Tal decisi\u00f3n se tom\u00f3 en una reuni\u00f3n sostenida a la medianoche del domingo entre los camioneros encabezados por Juan Dom\u00ednguez, representante &nbsp;de los transportistas y el Gobierno del Estado con Jorge Longoria, director de la Agencia Estatal del Transporte, seg\u00fan se inform\u00f3 extraoficialmente.<br><\/p>\n\n\n\n<p>Seg\u00fan informes obtenidos, &nbsp;la finalidad es llegar a un acuerdo para el alza y posteriormente convocar al Consejo del Transporte y dar a conocer el porcentaje que podr\u00eda oscilar entre uno o dos pesos.<br><\/p>\n\n\n\n<p>La idea fue paralizar el mayor n\u00famero de camiones en esas tres horas por lo que unas dos mil unidades de diversas rutas no salieron a cubrir la ruta de las cinco a las ocho de la ma\u00f1ana con lo que de afect\u00f3 a miles de usuarios.<br><\/p>\n\n\n\n<p>Los usuarios se\u00f1alan que el problema se present\u00f3 alrededor de las 5:00 de la ma\u00f1ana.<br><br>Algunas de las rutas que pararon servicio son: 68, 83, 85, 150, 214, 223, 226, 39.<br><br>De acuerdo a versiones de los ciudadanos afectados, las rutas les han informado que &nbsp;el servicio iniciar\u00e1 alrededor de las 7:30 horas.<br><br>Anoche, la organizaci\u00f3n \u00danete Pueblo alert\u00f3 en sus redes sociales sobre el paro del transporte que se realizar\u00eda cerca de las 5:00 de la ma\u00f1ana.<br><\/p>\n\n\n\n<p>El alza tarifaria ha estado aplazada desde septiembre del a\u00f1o pasado, y ha ocasionado tensi\u00f3n, enfrentamientos entre Estado y camioneros adem\u00e1s de protestas p\u00fablicas de organizaciones civiles como \u00danete Pueblo entre otras.<br><\/p>\n\n\n\n<p>Veh\u00edculos particulares apoyaron a usuarios y les llevaron y en algunas patrullas municipales como en Escobedo transportaron a quienes esperaron infructuosamente su cami\u00f3n.<\/p>\n\n\n\n<p>Los usuarios se aglomeraron en las paradas camioneras sin que la unidad llegara, mientras los transportistas y el Gobierno del Estado no daban una versi\u00f3n al respecto al menos hasta las ocho horas.<\/p>\n\n\n\n<p><\/p>\n\n\n\n<p>.<\/p>\n\n\n\n<p><\/p>\n\n\n\n<p><\/p>\n\n\n\n<p><\/p>\n","protected":false},"excerpt":{"rendered":"<p>David Casas Monterrey, N. L- El caos se desat\u00f3 en Monterrey y la zona conurbada al parar rutas camioneras en presi\u00f3n para que les autoricen un alza de tarifa. Los transportistas &nbsp;de Nuevo Le\u00f3n dejaron de prestar &nbsp;el servicio camionero de las cinco &nbsp;a las ocho de la ma\u00f1ana de este lunes. Tal decisi\u00f3n se [&hellip;]<\/p>\n","protected":false},"author":1,"featured_media":3112,"comment_status":"open","ping_status":"open","sticky":false,"template":"","format":"standard","meta":{"footnotes":""},"categories":[6,3,1],"tags":[],"_links":{"self":[{"href":"https:\/\/diariodigitalmx.com\/index.php\/wp-json\/wp\/v2\/posts\/3109"}],"collection":[{"href":"https:\/\/diariodigitalmx.com\/index.php\/wp-json\/wp\/v2\/posts"}],"about":[{"href":"https:\/\/diariodigitalmx.com\/index.php\/wp-json\/wp\/v2\/types\/post"}],"author":[{"embeddable":true,"href":"https:\/\/diariodigitalmx.com\/index.php\/wp-json\/wp\/v2\/users\/1"}],"replies":[{"embeddable":true,"href":"https:\/\/diariodigitalmx.com\/index.php\/wp-json\/wp\/v2\/comments?post=3109"}],"version-history":[{"count":2,"href":"https:\/\/diariodigitalmx.com\/index.php\/wp-json\/wp\/v2\/posts\/3109\/revisions"}],"predecessor-version":[{"id":3111,"href":"https:\/\/diariodigitalmx.com\/index.php\/wp-json\/wp\/v2\/posts\/3109\/revisions\/3111"}],"wp:featuredmedia":[{"embeddable":true,"href":"https:\/\/diariodigitalmx.com\/index.php\/wp-json\/wp\/v2\/media\/3112"}],"wp:attachment":[{"href":"https:\/\/diariodigitalmx.com\/index.php\/wp-json\/wp\/v2\/media?parent=3109"}],"wp:term":[{"taxonomy":"category","embeddable":true,"href":"https:\/\/diariodigitalmx.com\/index.php\/wp-json\/wp\/v2\/categories?post=3109"},{"taxonomy":"post_tag","embeddable":true,"href":"https:\/\/diariodigitalmx.com\/index.php\/wp-json\/wp\/v2\/tags?post=3109"}],"curies":[{"name":"wp","href":"https:\/\/api.w.org\/{rel}","templated":true}]}}