{"id":312,"date":"2019-02-15T13:42:40","date_gmt":"2019-02-15T19:42:40","guid":{"rendered":"http:\/\/diariodigitalmx.com\/?p=312"},"modified":"2019-02-15T13:42:41","modified_gmt":"2019-02-15T19:42:41","slug":"gestiona-karina-barron-puentes-en-carretera-nacional","status":"publish","type":"post","link":"https:\/\/diariodigitalmx.com\/index.php\/2019\/02\/15\/gestiona-karina-barron-puentes-en-carretera-nacional\/","title":{"rendered":"Gestiona Karina Barr\u00f3n, puentes en carretera Nacional"},"content":{"rendered":"\n<p>La diputada Karina Barr\u00f3n gestion\u00f3 ante la administraci\u00f3n municipal de Monterrey, la instalaci\u00f3n de dos puentes peatonales en la carretera nacional, los cuales podr\u00edan iniciar su instalaci\u00f3n en un plazo de mes y medio, en espera de la cesi\u00f3n del espacio por parte de la SCT.<\/p>\n\n\n\n<p>Esto fue dado a conocer por el Secretario de Obras P\u00fablicas del municipio, Nazario Pineda, durante la reuni\u00f3n que sostuvo con vecinos de la zona sur de la capital del estado y en la que estuvo presente la diputada de Movimiento Ciudadano.<\/p>\n\n\n\n<p>Uno de los puentes ser\u00e1 instalado a la altura de la avenida La Rioja y la calle H\u00e9ctor G\u00f3mez Gonz\u00e1lez, mientras que el segundo ser\u00e1 instalado en Palmares frente a la empresa Gilsa.<\/p>\n\n\n\n<p>Al t\u00e9rmino de la reuni\u00f3n la diputada local, Karina Barr\u00f3n, destac\u00f3 la buena disposici\u00f3n del municipio para atender el tema, y la intenci\u00f3n de construir un plan integral para la zona, que represente soluciones tanto para los peatones, como para los automovilista y habitantes de la zona.<\/p>\n\n\n\n<p>\u201cObtuvimos muy buena respuesta, el alcalde de Monterrey con quien estuve hablando se comprometi\u00f3 a financiar dos puentes peatonales en la carretera nacional, faltan muchas m\u00e1s acciones, pero no son ahorita posible porque es un tramo federal, por lo que ya se est\u00e1 trabajando en la municipalizaci\u00f3n de ese tramo de la carretera nacional y tener temas de reductores de velocidad, personal de Tr\u00e1nsito, puentes peatonales, y exigir tambi\u00e9n paradas de camiones con un buen transporte p\u00fablico\u201d, explic\u00f3.<\/p>\n\n\n\n<p>\u201cNos presentaron ahorita un Plan en Obras P\u00fablicas, el plan de acci\u00f3n que se va a estar llevando acabo: vimos dos cosas la ampliaci\u00f3n que se est\u00e1 haciendo en la carretera nacional y L\u00e1zaro C\u00e1rdenas, y se va cubrir una parte a finales de marzo y totalmente a finales de abril, el segundo compromiso es que pueda ceder la SCT para ceder los espacios peatonales, iniciar\u00eda una licitaci\u00f3n y posteriormente que se instale, nos tardar\u00edamos aproximadamente mes y medio para que pueda iniciar la instalaci\u00f3n de puentes peatonales\u201d, a\u00f1adi\u00f3<\/p>\n\n\n\n<p>Previo a la reuni\u00f3n que se llev\u00f3 a cabo en las instalaciones del Ayuntamiento Regio, vecinos del sur realizaron una protesta en la zona donde han muerto atropellados varios trabajadores, en las \u00faltimas semanas.<\/p>\n\n\n\n<p>Adem\u00e1s del Secretario de Obras P\u00fablicas, Nazario Pineda y la Diputada de Movimiento Ciudadano, Karina Barr\u00f3n Perales, estuvieron presentes; Luis Olmos, Presidente de la Asociaci\u00f3n Atentos Monterrey Sur, Juan Carlos Ram\u00edrez, Secretario de la misma, M\u00f3nica Gast\u00e9lum, y vecinas de colonias como Valle Alto, Altavista y Contry, entre otras.<br><\/p>\n","protected":false},"excerpt":{"rendered":"<p>La diputada Karina Barr\u00f3n gestion\u00f3 ante la administraci\u00f3n municipal de Monterrey, la instalaci\u00f3n de dos puentes peatonales en la carretera nacional, los cuales podr\u00edan iniciar su instalaci\u00f3n en un plazo de mes y medio, en espera de la cesi\u00f3n del espacio por parte de la SCT. Esto fue dado a conocer por el Secretario de [&hellip;]<\/p>\n","protected":false},"author":1,"featured_media":313,"comment_status":"open","ping_status":"open","sticky":true,"template":"","format":"standard","meta":{"footnotes":""},"categories":[1],"tags":[],"_links":{"self":[{"href":"https:\/\/diariodigitalmx.com\/index.php\/wp-json\/wp\/v2\/posts\/312"}],"collection":[{"href":"https:\/\/diariodigitalmx.com\/index.php\/wp-json\/wp\/v2\/posts"}],"about":[{"href":"https:\/\/diariodigitalmx.com\/index.php\/wp-json\/wp\/v2\/types\/post"}],"author":[{"embeddable":true,"href":"https:\/\/diariodigitalmx.com\/index.php\/wp-json\/wp\/v2\/users\/1"}],"replies":[{"embeddable":true,"href":"https:\/\/diariodigitalmx.com\/index.php\/wp-json\/wp\/v2\/comments?post=312"}],"version-history":[{"count":1,"href":"https:\/\/diariodigitalmx.com\/index.php\/wp-json\/wp\/v2\/posts\/312\/revisions"}],"predecessor-version":[{"id":314,"href":"https:\/\/diariodigitalmx.com\/index.php\/wp-json\/wp\/v2\/posts\/312\/revisions\/314"}],"wp:featuredmedia":[{"embeddable":true,"href":"https:\/\/diariodigitalmx.com\/index.php\/wp-json\/wp\/v2\/media\/313"}],"wp:attachment":[{"href":"https:\/\/diariodigitalmx.com\/index.php\/wp-json\/wp\/v2\/media?parent=312"}],"wp:term":[{"taxonomy":"category","embeddable":true,"href":"https:\/\/diariodigitalmx.com\/index.php\/wp-json\/wp\/v2\/categories?post=312"},{"taxonomy":"post_tag","embeddable":true,"href":"https:\/\/diariodigitalmx.com\/index.php\/wp-json\/wp\/v2\/tags?post=312"}],"curies":[{"name":"wp","href":"https:\/\/api.w.org\/{rel}","templated":true}]}}