{"id":3145,"date":"2019-04-30T09:03:20","date_gmt":"2019-04-30T14:03:20","guid":{"rendered":"http:\/\/diariodigitalmx.com\/?p=3145"},"modified":"2019-04-30T09:03:21","modified_gmt":"2019-04-30T14:03:21","slug":"solicita-amlo-a-usa-hacer-su-parte-en-t-mec-tras-aprobarse-reforma-laboral-en-mexico","status":"publish","type":"post","link":"https:\/\/diariodigitalmx.com\/index.php\/2019\/04\/30\/solicita-amlo-a-usa-hacer-su-parte-en-t-mec-tras-aprobarse-reforma-laboral-en-mexico\/","title":{"rendered":"Solicita AMLO a USA, hacer su parte en T-Mec, tras aprobarse reforma laboral en M\u00e9xico"},"content":{"rendered":"\n<p><strong>Armando Zu\u00f1iga<\/strong><\/p>\n\n\n\n<p><strong> El Presidente&nbsp;Andr\u00e9s Manuel L\u00f3pez Obrador, celebr\u00f3 que los senadores aprobaron la Reforma Laboral que beneficia a los trabajadores mexicanos y demand\u00f3 a los legisladores de Estados Unidos, hacer su parte y concretar el T-MEC.<\/strong><\/p>\n\n\n\n<p><strong>En la conferencia ma\u00f1anera 108, celebrada en el marco del D\u00eda del Ni\u00f1o, los invitados de honor fueron un grupo de peque\u00f1os de primaria, que ocuparon las primeras filas, destinadas a los periodistas, para ver c\u00f3mo funcionan las ruedas de prensa.<\/strong><\/p>\n\n\n\n<p><strong>Andr\u00e9s Manuel destac\u00f3 que con esta reforma los trabajadores ser\u00e1n libres para elegir a sus representantes con voto libre y secreto y se garantizan todos sus derechos laborales: \u201cEstamos satisfechos por la aprobaci\u00f3n del Senado de la Reforma Laboral, fue un avance importante porque se logra que los trabajadores tengan garantizados sus derechos para elegir a sus representantes, que los l\u00edderes sindicales no sean impuestos sino que sean electos por los trabajadores y que haya democracia sindical\u201d.<\/strong><\/p>\n\n\n\n<p><strong>Destac\u00f3 que a partir de ahora ya no habr\u00e1 m\u00e1s imposiciones de l\u00edderes sindicales: \u201cAntes no ten\u00edan libertad de voto secreto para elegir a sus representantes ahora ellos van a decidir libremente es un gran avance en beneficio de los trabajadores de M\u00e9xico, esto que se logr\u00f3 gracias a la participaci\u00f3n de todos los sectores porque esta reforma fue apoyada por empresarios sindicatos, por los senadores y diputados\u201d.<\/strong><\/p>\n\n\n\n<p><strong>Ante ello el mandatario federal, destac\u00f3 que M\u00e9xico ya cumpli\u00f3 su parte del acuerdo comercial con Estados Unidos y Canad\u00e1 y ahora corresponde a los legisladores norteamericanos hacer su parte: \u201cAhora corresponde a los legisladores de Estados Unidos, terminar de aprobar el tratado de libre comercio nosotros estamos cumpliendo y queremos ese tratado de libre comercio con EU y Canad\u00e1\u201d.<\/strong><\/p>\n","protected":false},"excerpt":{"rendered":"<p>Armando Zu\u00f1iga El Presidente&nbsp;Andr\u00e9s Manuel L\u00f3pez Obrador, celebr\u00f3 que los senadores aprobaron la Reforma Laboral que beneficia a los trabajadores mexicanos y demand\u00f3 a los legisladores de Estados Unidos, hacer su parte y concretar el T-MEC. En la conferencia ma\u00f1anera 108, celebrada en el marco del D\u00eda del Ni\u00f1o, los invitados de honor fueron un [&hellip;]<\/p>\n","protected":false},"author":1,"featured_media":3148,"comment_status":"open","ping_status":"open","sticky":false,"template":"","format":"standard","meta":{"footnotes":""},"categories":[2,3,1],"tags":[],"_links":{"self":[{"href":"https:\/\/diariodigitalmx.com\/index.php\/wp-json\/wp\/v2\/posts\/3145"}],"collection":[{"href":"https:\/\/diariodigitalmx.com\/index.php\/wp-json\/wp\/v2\/posts"}],"about":[{"href":"https:\/\/diariodigitalmx.com\/index.php\/wp-json\/wp\/v2\/types\/post"}],"author":[{"embeddable":true,"href":"https:\/\/diariodigitalmx.com\/index.php\/wp-json\/wp\/v2\/users\/1"}],"replies":[{"embeddable":true,"href":"https:\/\/diariodigitalmx.com\/index.php\/wp-json\/wp\/v2\/comments?post=3145"}],"version-history":[{"count":4,"href":"https:\/\/diariodigitalmx.com\/index.php\/wp-json\/wp\/v2\/posts\/3145\/revisions"}],"predecessor-version":[{"id":3150,"href":"https:\/\/diariodigitalmx.com\/index.php\/wp-json\/wp\/v2\/posts\/3145\/revisions\/3150"}],"wp:featuredmedia":[{"embeddable":true,"href":"https:\/\/diariodigitalmx.com\/index.php\/wp-json\/wp\/v2\/media\/3148"}],"wp:attachment":[{"href":"https:\/\/diariodigitalmx.com\/index.php\/wp-json\/wp\/v2\/media?parent=3145"}],"wp:term":[{"taxonomy":"category","embeddable":true,"href":"https:\/\/diariodigitalmx.com\/index.php\/wp-json\/wp\/v2\/categories?post=3145"},{"taxonomy":"post_tag","embeddable":true,"href":"https:\/\/diariodigitalmx.com\/index.php\/wp-json\/wp\/v2\/tags?post=3145"}],"curies":[{"name":"wp","href":"https:\/\/api.w.org\/{rel}","templated":true}]}}