{"id":3259,"date":"2019-05-02T15:21:06","date_gmt":"2019-05-02T20:21:06","guid":{"rendered":"http:\/\/diariodigitalmx.com\/?p=3259"},"modified":"2019-05-02T15:22:14","modified_gmt":"2019-05-02T20:22:14","slug":"la-mananera-de-amlo","status":"publish","type":"post","link":"https:\/\/diariodigitalmx.com\/index.php\/2019\/05\/02\/la-mananera-de-amlo\/","title":{"rendered":"La ma\u00f1anera de AMLO"},"content":{"rendered":"\n<p><strong>  Armando Zu\u00f1iga<\/strong><\/p>\n\n\n\n<p><strong> Con obras sexenales habr\u00e1 mucho empleo, sobre todo para profesionales y cient\u00edficos que evitar\u00e1 la fuga de cerebros, dice AMLO<\/strong><\/p>\n\n\n\n<p><strong>El Presidente Andr\u00e9s Manuel L\u00f3pez Obrador, destac\u00f3 que con el crecimiento econ\u00f3mico que vislumbra su gobierno de crecer al 4% anual, van a crecer los empleos sobre todo para los profesionistas, t\u00e9cnicos y cient\u00edficos por la gran cantidad de obras que plane\u00f3 su gobierno.<\/strong><\/p>\n\n\n\n<p><strong>En la conferencia 109, destac\u00f3: \u201cQue vuelva a crecer la econom\u00eda, van a haber muchas facilidades para ofrecer trabajo a profesionistas, t\u00e9cnicos, cient\u00edficos mexicanos, va a haber alternativas, hay muchos proyectos para iniciarse en el sexenio vamos a construir el tren Maya con una inversi\u00f3n de 150 mil millones de pesos, nunca en el sureste se hab\u00eda invertido tanto en una obra, vamos a rehabilitar las 6 refiner\u00edas con t\u00e9cnicos profesionales mexicanos la nueva refiner\u00eda es lo mismo 160 mil millones de pesos, es mucho trabajo el desarrollo del Itsmo&nbsp;&nbsp;la renovaci\u00f3n de los dos puertos\u201d.<\/strong><\/p>\n\n\n\n<p><strong>L\u00f3pez Obrador, puntualiz\u00f3 que habr\u00e1 muchas opciones de empleo para los mexicanos: \u201cHay muchas opciones espero que los mexicanos tengan garantizado el derecho al trabajo con buenos salarios no tengo duda que vamos a avanzar mucho ofreciendo empleos y bien pagados vamos all\u00e1 estoy optimista&nbsp;de lograr esos prop\u00f3sitos y los mexicanos que se preparan en el extranjero regresen y trabajen aqu\u00ed\u201d, concluy\u00f3.<\/strong><\/p>\n\n\n\n<p>&#8230;<\/p>\n\n\n\n<p><strong>Germ\u00e1n Larrea dispuesto a apoyar rescate de los cuerpos de Conchos, le informa a AMLO por medio de carta<\/strong><strong><\/strong><\/p>\n\n\n\n<p><strong>El Presidente Andr\u00e9s Manuel L\u00f3pez Obrador, inform\u00f3 que EL DUE\u00d1O DEL Grupo M\u00e9xico, Germ\u00e1n Larrea, ya lo contact\u00f3 a trav\u00e9s de una misiva que le envi\u00f3 donde le manifiesta su deseo de apoyar su compromiso de rescatar los cuerpos de los 65 mineros ue est\u00e1n atrapados desde el 2006 en la mina de Pasta de Conchos en Coahuila.<\/strong><strong><\/strong><\/p>\n\n\n\n<p><strong>En la ma\u00f1anera de ayer&nbsp;L\u00f3pez Obrador,&nbsp;inform\u00f3 que su gobierno retomar\u00e1 los rescates, luego de la tragedia que ocurri\u00f3 en el 2006:&nbsp;\u201c<\/strong><strong>Ayer mismo&nbsp;<\/strong><strong>Germ\u00e1n Larrea,&nbsp;<\/strong><strong>me envi\u00f3 una carta, sosteniendo sus puntos de vista de que ellos hab\u00edan hecho el intento, que no hab\u00edan podido rescatar los cuerpos de los mineros de Pasta de Conchos, pero que aceptaba ayudar y colaborar\u201d.<\/strong><\/p>\n\n\n\n<p><strong>Ante ello reiter\u00f3 su compromiso de iniciar el rescate de los 65 mineros que est\u00e1n bajo la tierra en la mina e hizo el compromiso de hacer p\u00fablica la carta que le mando el empresario nacional.<\/strong><\/p>\n\n\n\n<p><strong>Ofrece AMLO disculpas a familia de Alfredo del Mazo Gonz\u00e1lez<\/strong><\/p>\n\n\n\n<p><strong>El Presidente Andr\u00e9s Manuel L\u00f3pez Obrador, inici\u00f3 su&nbsp;<\/strong><strong>conferencia de prensa ofreciendo disculpas a la familia de Alfredo del Mazo Gonz\u00e1lez, debido a que hace unos d\u00edas la vincul\u00f3 con la construcci\u00f3n del aeropuerto de Texcoco.<\/strong><\/p>\n\n\n\n<p><strong>\u201cEstoy en la mejor disposici\u00f3n de ofrecer disculpas, no solo es lo que representamos, el hecho de que lo diga el presidente de la Rep\u00fablica o un secretario del gobierno, sino que esta conferencia la ve mucha gente. No queremos difamar a nadie, no aceptamos aquello de que la calumnia cuando no mancha tizna, tenemos que ser muy serios\u201d, se\u00f1al\u00f3.<\/strong><\/p>\n\n\n\n<p><strong>El mandatario indic\u00f3 que su hijo, el actual gobernador del Estado de M\u00e9xico, Alfredo del Mazo solicit\u00f3 que se pidieran las disculpas: \u201cSiempre que me equivoque se pedir\u00e1n disculpas, porque eso significa el nuevo cambio del gobierno que representamos\u201d.<\/strong><\/p>\n\n\n\n<p><strong>Dice AMLO se lograr\u00e1 meta de crecer al 4% porque hay confianza en M\u00e9xico<\/strong><\/p>\n\n\n\n<p><strong>El Presidente Andr\u00e9s Manuel L\u00f3pez Obrador, reafirm\u00f3 que en su sexenio se va lograr la meta de crecer al 4% anualmente porque tanto empresarios nacionales y extranjeros tienen confianza en seguir invirtiendo en M\u00e9xico.<\/strong><\/p>\n\n\n\n<p><strong>En la conferencia ma\u00f1anera 109, puntualizo: \u201cNosotros vamos a crecer en el sexenio al 4%, lo volv\u00ed a dejar de manifiesto en el plan de&nbsp;desarrollo es el epilogo de c\u00f3mo va a ser el 2024 dej\u00f3 en claro el crecimiento del 4% crecer al doble de lo que se creci\u00f3 en el periodo neoliberal en 36 a\u00f1os que fue del 2% anual en promedio\u201d.<\/strong><\/p>\n\n\n\n<p><strong>Andr\u00e9s Manuel destac\u00f3 que cuentan con el apoyo de los empresarios tal como se lo han manifestado el Presidente del Consejo Coordinador Empresarial, Carlos Salazar Lomel\u00ed, los gobernadores de la Conago, el m\u00e1s rico de M\u00e9xio, Carlos Slim y reafirm\u00f3 que esto se lograr\u00e1 pues en los sexenios de Adolfo L\u00f3pez Mateos y de Gustavo D\u00edaz Ordaz se hizo el llamado milagro de M\u00e9xico al crecer el 6% anual bajo la coordinaci\u00f3n del secretario de Hacienda Antonio Ortiz Mena.<\/strong><\/p>\n\n\n\n<p><strong>Tambi\u00e9n precis\u00f3 que ya cuenta con el apoyo de Germ\u00e1n Larrea, para el rescate de los cuerpos de los 65 mineros de Pasta de Conchos pues as\u00ed se lo hizo saber a trav\u00e9s de una carta que le mando e igualmente con otra misiva que le env\u00edo el administrador principal del fondo de inversiones m\u00e1s grande del mundo dici\u00e9ndole que quieren hacer en M\u00e9xico una convenci\u00f3n de inversionistas extranjeros porque tienen confianza en el pa\u00eds, porque saben que no se permite la corrupci\u00f3n en el pa\u00eds y sobre todo porque su gobierno no tiene empresas favoritas como antes y m\u00e1s a\u00fan porque el peso sigue fortaleci\u00e9ndose.<\/strong><\/p>\n\n\n\n<p><strong>\u201cOtro dato que hay lo ven los analistas, pero de les soslayo est\u00e1 muy fuerte el peso no hay depreciaci\u00f3n al contrario este&nbsp;mes se apreci\u00f3 se fortaleci\u00f3 nuestro peso en abril, estamos tranquilos va a crecer la econom\u00eda desde luego no todos estamos de acuerdo ser\u00eda muy aburrida la vida si todos estamos de acuerdo ser\u00eda como vivir en una dictadura tiene que haber oposici\u00f3n\u201d, finaliz\u00f3.<\/strong><br><\/p>\n","protected":false},"excerpt":{"rendered":"<p>Armando Zu\u00f1iga Con obras sexenales habr\u00e1 mucho empleo, sobre todo para profesionales y cient\u00edficos que evitar\u00e1 la fuga de cerebros, dice AMLO El Presidente Andr\u00e9s Manuel L\u00f3pez Obrador, destac\u00f3 que con el crecimiento econ\u00f3mico que vislumbra su gobierno de crecer al 4% anual, van a crecer los empleos sobre todo para los profesionistas, t\u00e9cnicos y [&hellip;]<\/p>\n","protected":false},"author":1,"featured_media":3262,"comment_status":"open","ping_status":"open","sticky":true,"template":"","format":"standard","meta":{"footnotes":""},"categories":[2,3],"tags":[],"_links":{"self":[{"href":"https:\/\/diariodigitalmx.com\/index.php\/wp-json\/wp\/v2\/posts\/3259"}],"collection":[{"href":"https:\/\/diariodigitalmx.com\/index.php\/wp-json\/wp\/v2\/posts"}],"about":[{"href":"https:\/\/diariodigitalmx.com\/index.php\/wp-json\/wp\/v2\/types\/post"}],"author":[{"embeddable":true,"href":"https:\/\/diariodigitalmx.com\/index.php\/wp-json\/wp\/v2\/users\/1"}],"replies":[{"embeddable":true,"href":"https:\/\/diariodigitalmx.com\/index.php\/wp-json\/wp\/v2\/comments?post=3259"}],"version-history":[{"count":2,"href":"https:\/\/diariodigitalmx.com\/index.php\/wp-json\/wp\/v2\/posts\/3259\/revisions"}],"predecessor-version":[{"id":3261,"href":"https:\/\/diariodigitalmx.com\/index.php\/wp-json\/wp\/v2\/posts\/3259\/revisions\/3261"}],"wp:featuredmedia":[{"embeddable":true,"href":"https:\/\/diariodigitalmx.com\/index.php\/wp-json\/wp\/v2\/media\/3262"}],"wp:attachment":[{"href":"https:\/\/diariodigitalmx.com\/index.php\/wp-json\/wp\/v2\/media?parent=3259"}],"wp:term":[{"taxonomy":"category","embeddable":true,"href":"https:\/\/diariodigitalmx.com\/index.php\/wp-json\/wp\/v2\/categories?post=3259"},{"taxonomy":"post_tag","embeddable":true,"href":"https:\/\/diariodigitalmx.com\/index.php\/wp-json\/wp\/v2\/tags?post=3259"}],"curies":[{"name":"wp","href":"https:\/\/api.w.org\/{rel}","templated":true}]}}