{"id":3270,"date":"2019-05-02T15:40:35","date_gmt":"2019-05-02T20:40:35","guid":{"rendered":"http:\/\/diariodigitalmx.com\/?p=3270"},"modified":"2019-06-03T15:44:50","modified_gmt":"2019-06-03T20:44:50","slug":"lanza-infonavit-en-nuevo-leon-programa-de-responsabilidad-compartida","status":"publish","type":"post","link":"https:\/\/diariodigitalmx.com\/index.php\/2019\/05\/02\/lanza-infonavit-en-nuevo-leon-programa-de-responsabilidad-compartida\/","title":{"rendered":"Lanza Infonavit en Nuevo Le\u00f3n, Programa de Responsabilidad Compartida"},"content":{"rendered":"\n<p><strong><em>A trav\u00e9s de este programa se beneficia a quienes menos tienen y m\u00e1s lo necesitan.<\/em><\/strong><em><\/em><\/p>\n\n\n\n<p>A fin de beneficiar a miles de familias de Nuevo Le\u00f3n, el Instituto del Fondo Nacional de la Vivienda para los Trabajadores, Infonavit, en colaboraci\u00f3n con el Gobierno del Estado, firmaron un convenio de colaboraci\u00f3n con el que se pone en marcha el programa \u201cResponsabilidad Compartida, programa de cambio a pesos\u201d.<\/p>\n\n\n\n<p>A trav\u00e9s de \u201cResponsabilidad Compartida\u201d, la Federaci\u00f3n otorga un beneficio a quienes menos tienen y m\u00e1s lo necesitan, al reducir su deuda mediante el cambio a pesos de su cr\u00e9dito contratado en veces salarios m\u00ednimos VSM.<\/p>\n\n\n\n<p>El Gobernador Jaime Rodr\u00edguez Calder\u00f3n y Carlos Mart\u00ednez Vel\u00e1zquez, Director general del Infonavit, hicieron entrega de la carta a algunos de los primeros 150 beneficiados que entran a dicho programa.<\/p>\n\n\n\n<p>El Gobernador inform\u00f3 que posteriormente buscar\u00e1n trabajar con el Infonavit para buscar la manera de recuperar casas abandonadas por derechohabientes de esta instituci\u00f3n y que en ocasiones es causa de inseguridad, y que puedan otorgarse a otras personas.<\/p>\n\n\n\n<p>\u201cLe dec\u00eda yo a Carlos (Mart\u00ednez) que la gente de Nuevo Le\u00f3n es generosa y agradecida, que la gente de Nuevo Le\u00f3n es trabajadora; Nuevo Le\u00f3n tiene el grado de cumplimiento m\u00e1s grande del pa\u00eds en el tema de financiamiento, la gente es cumplida y trabaja, paga, cumple\u201c, asegur\u00f3 El Bronco.<\/p>\n\n\n\n<p>\u201cEntonces tenemos que trabajar de manera conjunta los Gobiernos, todos los gobiernos\u201d.<\/p>\n\n\n\n<p>Luego de agradecer esta acci\u00f3n por parte del Infonavit, con la cual se ver\u00e1n beneficiadas miles de familias mexicanas, el Gobernador a\u00f1adi\u00f3 que cuando la carga fiscal en la espalda de una persona es menor, la felicidad para \u00e9l y su familia es mayor.<\/p>\n\n\n\n<p>Por su parte, Carlos Mart\u00ednez Vel\u00e1zquez, Director general del Infonavit, inform\u00f3 que en Nuevo Le\u00f3n se ver\u00e1n beneficiadas 14 mil familias, mientras que a nivel nacional ser\u00e1n 194 mil durante el 2019.<\/p>\n\n\n\n<p>Coment\u00f3 que el programa nace al ver que el saldo del cr\u00e9dito de vivienda de los trabajadores crec\u00eda hasta en 150 por ciento, ya sea porque cambiaban de trabajo y ten\u00edan una remuneraci\u00f3n m\u00e1s baja o continuaban con el mismo sueldo, por lo que su pago no se pod\u00eda amortizar aunque estuvieran al corriente.<\/p>\n\n\n\n<p>\u201cEstamos dando un beneficio que tiene que ver con un descuento al saldo de alrededor del 55 por ciento, este es un promedio, hay cr\u00e9ditos y cada cr\u00e9dito es diferente\u201d, indic\u00f3<\/p>\n\n\n\n<p>\u201cCada cr\u00e9dito tiene un descuento tambi\u00e9n es diferenciado, entonces el descuento promedio es del 55 por ciento al saldo, y sobre todo estamos ofreciendo un esquema de pagos congelados, es decir, todos los que se acojan a este programa de Responsabilidad Compartida, se queda su pago congelado en los siguientes a\u00f1os del Cr\u00e9dito\u201d.<\/p>\n\n\n\n<p>Dijo que este beneficio est\u00e1 dirigido a aquellos trabajadores que tienen un cr\u00e9dito vigente, con m\u00e1s de 15 a\u00f1os y que al menos tiene 24 meses al corriente, que el trabajador gane menos de cuatro salarios m\u00ednimos.<\/p>\n\n\n\n<p><br><\/p>\n\n\n\n<figure class=\"wp-block-image\"><img loading=\"lazy\" decoding=\"async\" width=\"1024\" height=\"652\" src=\"http:\/\/diariodigitalmx.com\/wp-content\/uploads\/2019\/05\/MLAA5765-1024x652.jpg\" alt=\"\" class=\"wp-image-3274\" srcset=\"https:\/\/diariodigitalmx.com\/wp-content\/uploads\/2019\/05\/MLAA5765-1024x652.jpg 1024w, https:\/\/diariodigitalmx.com\/wp-content\/uploads\/2019\/05\/MLAA5765-300x191.jpg 300w, https:\/\/diariodigitalmx.com\/wp-content\/uploads\/2019\/05\/MLAA5765-768x489.jpg 768w, https:\/\/diariodigitalmx.com\/wp-content\/uploads\/2019\/05\/MLAA5765.jpg 2000w\" sizes=\"(max-width: 1024px) 100vw, 1024px\" \/><\/figure>\n\n\n\n<figure class=\"wp-block-image\"><img loading=\"lazy\" decoding=\"async\" width=\"1024\" height=\"734\" src=\"http:\/\/diariodigitalmx.com\/wp-content\/uploads\/2019\/05\/MLAA5738-1024x734.jpg\" alt=\"\" class=\"wp-image-3276\" srcset=\"https:\/\/diariodigitalmx.com\/wp-content\/uploads\/2019\/05\/MLAA5738-1024x734.jpg 1024w, https:\/\/diariodigitalmx.com\/wp-content\/uploads\/2019\/05\/MLAA5738-300x215.jpg 300w, https:\/\/diariodigitalmx.com\/wp-content\/uploads\/2019\/05\/MLAA5738-768x550.jpg 768w, https:\/\/diariodigitalmx.com\/wp-content\/uploads\/2019\/05\/MLAA5738.jpg 2000w\" sizes=\"(max-width: 1024px) 100vw, 1024px\" \/><\/figure>\n\n\n\n\n\n<figure class=\"wp-block-image\"><img loading=\"lazy\" decoding=\"async\" width=\"1024\" height=\"712\" src=\"http:\/\/diariodigitalmx.com\/wp-content\/uploads\/2019\/05\/MLAA5777-1024x712.jpg\" alt=\"\" class=\"wp-image-3279\" srcset=\"https:\/\/diariodigitalmx.com\/wp-content\/uploads\/2019\/05\/MLAA5777-1024x712.jpg 1024w, https:\/\/diariodigitalmx.com\/wp-content\/uploads\/2019\/05\/MLAA5777-300x209.jpg 300w, https:\/\/diariodigitalmx.com\/wp-content\/uploads\/2019\/05\/MLAA5777-768x534.jpg 768w, https:\/\/diariodigitalmx.com\/wp-content\/uploads\/2019\/05\/MLAA5777-392x272.jpg 392w, https:\/\/diariodigitalmx.com\/wp-content\/uploads\/2019\/05\/MLAA5777-130x90.jpg 130w, https:\/\/diariodigitalmx.com\/wp-content\/uploads\/2019\/05\/MLAA5777.jpg 2000w\" sizes=\"(max-width: 1024px) 100vw, 1024px\" \/><\/figure>\n","protected":false},"excerpt":{"rendered":"<p>A trav\u00e9s de este programa se beneficia a quienes menos tienen y m\u00e1s lo necesitan. A fin de beneficiar a miles de familias de Nuevo Le\u00f3n, el Instituto del Fondo Nacional de la Vivienda para los Trabajadores, Infonavit, en colaboraci\u00f3n con el Gobierno del Estado, firmaron un convenio de colaboraci\u00f3n con el que se pone [&hellip;]<\/p>\n","protected":false},"author":1,"featured_media":3273,"comment_status":"open","ping_status":"open","sticky":true,"template":"","format":"standard","meta":{"footnotes":""},"categories":[6,3],"tags":[],"_links":{"self":[{"href":"https:\/\/diariodigitalmx.com\/index.php\/wp-json\/wp\/v2\/posts\/3270"}],"collection":[{"href":"https:\/\/diariodigitalmx.com\/index.php\/wp-json\/wp\/v2\/posts"}],"about":[{"href":"https:\/\/diariodigitalmx.com\/index.php\/wp-json\/wp\/v2\/types\/post"}],"author":[{"embeddable":true,"href":"https:\/\/diariodigitalmx.com\/index.php\/wp-json\/wp\/v2\/users\/1"}],"replies":[{"embeddable":true,"href":"https:\/\/diariodigitalmx.com\/index.php\/wp-json\/wp\/v2\/comments?post=3270"}],"version-history":[{"count":6,"href":"https:\/\/diariodigitalmx.com\/index.php\/wp-json\/wp\/v2\/posts\/3270\/revisions"}],"predecessor-version":[{"id":3280,"href":"https:\/\/diariodigitalmx.com\/index.php\/wp-json\/wp\/v2\/posts\/3270\/revisions\/3280"}],"wp:featuredmedia":[{"embeddable":true,"href":"https:\/\/diariodigitalmx.com\/index.php\/wp-json\/wp\/v2\/media\/3273"}],"wp:attachment":[{"href":"https:\/\/diariodigitalmx.com\/index.php\/wp-json\/wp\/v2\/media?parent=3270"}],"wp:term":[{"taxonomy":"category","embeddable":true,"href":"https:\/\/diariodigitalmx.com\/index.php\/wp-json\/wp\/v2\/categories?post=3270"},{"taxonomy":"post_tag","embeddable":true,"href":"https:\/\/diariodigitalmx.com\/index.php\/wp-json\/wp\/v2\/tags?post=3270"}],"curies":[{"name":"wp","href":"https:\/\/api.w.org\/{rel}","templated":true}]}}