{"id":3289,"date":"2019-05-02T19:53:24","date_gmt":"2019-05-03T00:53:24","guid":{"rendered":"http:\/\/diariodigitalmx.com\/?p=3289"},"modified":"2019-06-03T15:45:19","modified_gmt":"2019-06-03T20:45:19","slug":"dice-victor-flores-que-nunca-ha-agarrado-dinero-de-los-rieleros-y-que-puede-mirar-a-los-ojos","status":"publish","type":"post","link":"https:\/\/diariodigitalmx.com\/index.php\/2019\/05\/02\/dice-victor-flores-que-nunca-ha-agarrado-dinero-de-los-rieleros-y-que-puede-mirar-a-los-ojos\/","title":{"rendered":"Dice V\u00edctor Flores que nunca ha agarrado dinero de los rieleros y que puede mirar a los ojos"},"content":{"rendered":"\n<p>Pedro Garc\u00eda<\/p>\n\n\n\n<p>Monterrey, N. L-\u201cEstoy limpio\u201d, afirm\u00f3 categ\u00f3rico el l\u00edder ferrocarrilero V\u00edctor Flores Morales mientras mostraba las manos a sus compa\u00f1eros de Monterrey y consider\u00f3 oportuna la presencia de periodistas para asegurar que \u00e9l no toma \u201cni un quinto\u201d de las cuotas de los rieleros jubilados.<\/p>\n\n\n\n<p>Es el mismo caso del seguro de vida, agreg\u00f3 para resaltar que \u00e9l no toma \u201cni un centavo\u201d de eso.<\/p>\n\n\n\n<p>En acto ocurrido aqu\u00ed, Flores Morales ratific\u00f3 la calidad de Armando Ju\u00e1rez como dirigente de la Secci\u00f3n 19 y demand\u00f3 a quienes no ganaron la elecci\u00f3n a que depongan los rencores: \u201cgan\u00f3 el que ustedes escogieron\u201d y no se valen los ataques, \u00a1\u00fananse!<\/p>\n\n\n\n<p>En entrevista y posteriormente en su mensaje en la Secci\u00f3n 19 del Sindicato de Trabajadores Ferrocarrileros de la Rep\u00fablica Mexicana (STFRM), Flores Morales dijo: \u201cjam\u00e1s de los jamases he cobrado un quinto de las cuotas de los jubilados\u201d.<\/p>\n\n\n\n<p>\u201cLos puedo mirar a los ojos, mostrarles mis manos, estoy limpio, vivo bien, pero no vivo como un millonario\u201d, puntualiz\u00f3 el dirigente y demand\u00f3 a quienes divulgan presuntos malos manejos a que presenten pruebas y demuestren sus dichos.<\/p>\n\n\n\n<p>Se\u00f1al\u00f3 que los del fideicomiso y la gente del nuevo gobierno se equivocan al decir que hay una toma indebida de recursos.<\/p>\n\n\n\n<p>Flores Morales aclar\u00f3 que es el Tesorero Administrativo quien se encarga del uso de los recursos, mismos que distribuye en todas las secciones sindicales de jubilados del pa\u00eds para la dotaci\u00f3n de aparatos m\u00e9dicos, sillas de ruedas o alguna operaci\u00f3n.<\/p>\n\n\n\n<p>Estamos inquietos porque si el fideicomiso deja de entregar esos recursos, agreg\u00f3, los rieleros jubilados van a resultar perjudicados, quedar\u00e1n desprotegidos, porque no acceder\u00e1n a los apoyos para cubrir necesidades sociales y de salud, agreg\u00f3 el l\u00edder ferrocarrilero al abundar que, en ocasiones, el Sindicato hace aportaciones extraordinarias ya que a veces hay mucha demanda de peticiones.<\/p>\n\n\n\n<p><strong>AMPARO<\/strong><\/p>\n\n\n\n<p>Anticip\u00f3 que el Sindicato de Trabajadores Ferrocarrileros de la Rep\u00fablica Mexicana va a interponer un amparo para mantener su derecho a usar recursos del fideicomiso toda vez de las grandes necesidades que tienen los jubilados.<\/p>\n\n\n\n<p>Ataj\u00f3 que el tr\u00e1mite del amparo se justifica porque los recursos del fideicomiso de los jubilados no son propiedad del gobierno, sino de los compa\u00f1eros que est\u00e1n en retiro.<\/p>\n\n\n\n<p>Los del fideicomiso no se imaginan el terrible da\u00f1o que van a causar a los compa\u00f1eros jubilados, advirti\u00f3 Flores Morales.<\/p>\n\n\n\n<p><strong>REFORMA LABORAL<\/strong><\/p>\n\n\n\n<p>El l\u00edder del STFRM coment\u00f3 que este gremio se adelant\u00f3, con mucho, a lo que establece la recientemente aprobada reforma laboral toda vez que el sindicato tiene claros antecedentes de democracia interna con el ejercicio del voto libre, directo y secreto en la renovaci\u00f3n de las dirigencias.<\/p>\n\n\n\n<p>Asimismo, en lo relacionado al manejo de los recursos de las cuotas, el cual se hace de manera transparente.<\/p>\n\n\n\n<p>\u201cAs\u00ed que, la reforma al STFRM no nos espanta\u201d, remat\u00f3 Flores Morales al informar a sus compa\u00f1eros de recientes gestiones sindicales como el intercambio del personal entre las empresas EMD y Kansas City en donde los trabajadores objeto de esa transferencia ganar\u00e1n m\u00e1s del doble de que percib\u00edan en la primera, de 300 pesos diarios a 650 pesos.<br><\/p>\n","protected":false},"excerpt":{"rendered":"<p>Pedro Garc\u00eda Monterrey, N. L-\u201cEstoy limpio\u201d, afirm\u00f3 categ\u00f3rico el l\u00edder ferrocarrilero V\u00edctor Flores Morales mientras mostraba las manos a sus compa\u00f1eros de Monterrey y consider\u00f3 oportuna la presencia de periodistas para asegurar que \u00e9l no toma \u201cni un quinto\u201d de las cuotas de los rieleros jubilados. Es el mismo caso del seguro de vida, agreg\u00f3 [&hellip;]<\/p>\n","protected":false},"author":1,"featured_media":3294,"comment_status":"open","ping_status":"open","sticky":true,"template":"","format":"standard","meta":{"footnotes":""},"categories":[6,3],"tags":[],"_links":{"self":[{"href":"https:\/\/diariodigitalmx.com\/index.php\/wp-json\/wp\/v2\/posts\/3289"}],"collection":[{"href":"https:\/\/diariodigitalmx.com\/index.php\/wp-json\/wp\/v2\/posts"}],"about":[{"href":"https:\/\/diariodigitalmx.com\/index.php\/wp-json\/wp\/v2\/types\/post"}],"author":[{"embeddable":true,"href":"https:\/\/diariodigitalmx.com\/index.php\/wp-json\/wp\/v2\/users\/1"}],"replies":[{"embeddable":true,"href":"https:\/\/diariodigitalmx.com\/index.php\/wp-json\/wp\/v2\/comments?post=3289"}],"version-history":[{"count":3,"href":"https:\/\/diariodigitalmx.com\/index.php\/wp-json\/wp\/v2\/posts\/3289\/revisions"}],"predecessor-version":[{"id":3292,"href":"https:\/\/diariodigitalmx.com\/index.php\/wp-json\/wp\/v2\/posts\/3289\/revisions\/3292"}],"wp:featuredmedia":[{"embeddable":true,"href":"https:\/\/diariodigitalmx.com\/index.php\/wp-json\/wp\/v2\/media\/3294"}],"wp:attachment":[{"href":"https:\/\/diariodigitalmx.com\/index.php\/wp-json\/wp\/v2\/media?parent=3289"}],"wp:term":[{"taxonomy":"category","embeddable":true,"href":"https:\/\/diariodigitalmx.com\/index.php\/wp-json\/wp\/v2\/categories?post=3289"},{"taxonomy":"post_tag","embeddable":true,"href":"https:\/\/diariodigitalmx.com\/index.php\/wp-json\/wp\/v2\/tags?post=3289"}],"curies":[{"name":"wp","href":"https:\/\/api.w.org\/{rel}","templated":true}]}}