{"id":3295,"date":"2019-05-02T21:51:08","date_gmt":"2019-05-03T02:51:08","guid":{"rendered":"http:\/\/diariodigitalmx.com\/?p=3295"},"modified":"2019-05-02T21:51:09","modified_gmt":"2019-05-03T02:51:09","slug":"ocde-baja-proyeccion-de-crecimiento-economico-para-mexico","status":"publish","type":"post","link":"https:\/\/diariodigitalmx.com\/index.php\/2019\/05\/02\/ocde-baja-proyeccion-de-crecimiento-economico-para-mexico\/","title":{"rendered":"OCDE baja proyecci\u00f3n de crecimiento econ\u00f3mico para M\u00e9xico"},"content":{"rendered":"\n<p>Pemex requiere reestructura profunda porque pone en riesgo al pa\u00eds: Gurr\u00eda<br><\/p>\n\n\n\n<p><\/p>\n\n\n\n<figure class=\"wp-block-image\"><img loading=\"lazy\" decoding=\"async\" width=\"900\" height=\"599\" src=\"http:\/\/diariodigitalmx.com\/wp-content\/uploads\/2019\/05\/2019-05-02_12-05-19___2523.jpg\" alt=\"\" class=\"wp-image-3300\" srcset=\"https:\/\/diariodigitalmx.com\/wp-content\/uploads\/2019\/05\/2019-05-02_12-05-19___2523.jpg 900w, https:\/\/diariodigitalmx.com\/wp-content\/uploads\/2019\/05\/2019-05-02_12-05-19___2523-300x200.jpg 300w, https:\/\/diariodigitalmx.com\/wp-content\/uploads\/2019\/05\/2019-05-02_12-05-19___2523-768x511.jpg 768w\" sizes=\"(max-width: 900px) 100vw, 900px\" \/><figcaption>Presentan Estudio Econ\u00f3mico de la OCDE M\u00e9xico<\/figcaption><\/figure>\n\n\n\n<p>La Organizaci\u00f3n para la Cooperaci\u00f3n y el Desarrollo Econ\u00f3micos (OCDE) estim\u00f3 que la econom\u00eda mexicana crecer\u00e1 1.6 por ciento este a\u00f1o y para 2020 se recuperar\u00e1 a cerca de 2.0 por ciento, datos menores a sus estimaciones previas del organismo, de 2.0 y 2.3 por ciento, respectivamente.<\/p>\n\n\n\n<p>El secretario general del organismo internacional, Jos\u00e9 \u00c1ngel Gurr\u00eda Trevi\u00f1o, apunt\u00f3 que en los \u00faltimos a\u00f1os la econom\u00eda nacional se ha desacelerado, al igual que la econom\u00eda mundial, a pesar de la decena de reformas aprobadas durante la pasada administraci\u00f3n.<\/p>\n\n\n\n\n\n<p>En la presentaci\u00f3n del \u201cEstudio econ\u00f3mico de M\u00e9xico 2019\u201d de la OCDE ante el secretario de Hacienda, Carlos Urz\u00faa Mac\u00edas, Gurr\u00eda Trevi\u00f1o estim\u00f3 posible que la econom\u00eda mexicana crezca 6.0 por ciento en el \u00faltimo a\u00f1o de este gobierno, y alcanzar un promedio sexenal de 4.0 por ciento, como prev\u00e9 el Plan Nacional de Desarrollo (PND) 2019-2014.<\/p>\n\n\n\n<p>\u201cS\u00ed, espero que s\u00ed, y como secretario general\u201d har\u00e1 todo lo que pueda para que M\u00e9xico logre este crecimiento planteado en el PND 2019-2024, que el Ejecutivo Federal envi\u00f3 el pasado martes a la C\u00e1mara de Diputados para su aprobaci\u00f3n, por primera vez en la historia.<\/p>\n\n\n\n<p><strong>Pemex requiere reestructura profunda porque pone en riesgo al pa\u00eds: OCDE<\/strong><\/p>\n\n\n\n<p>La Organizaci\u00f3n para la Cooperaci\u00f3n y el Desarrollo Econ\u00f3micos (OCDE) consider\u00f3 esencial resolver la debilidad financiera de Petr\u00f3leos Mexicanos (Pemex), porque es un riesgo que podr\u00eda poner en peligro la estabilidad macroecon\u00f3mica del pa\u00eds, pues afecta la deuda p\u00fablica y podr\u00eda provocar una reducci\u00f3n de la calificaci\u00f3n soberana.<\/p>\n\n\n\n<p>El secretario general de la OCDE, Jos\u00e9 \u00c1ngel Gurr\u00eda Trevi\u00f1o, dijo que Pemex enfrenta una contingencia financiera, debido a que pol\u00edticas anteriores provocaron un \u201cagujero artificial\u201d que elev\u00f3 su deuda y ahora enfrenta elevados vencimientos.<\/p>\n\n\n\n<p>Al presentar el \u201cEstudio Econ\u00f3mico de M\u00e9xico 2019\u201d de la OCDE ante el secretario de Hacienda, Carlos Urz\u00faa Mac\u00edas, afirm\u00f3 que en el caso de la empresa petrolera \u201cya nos alcanz\u00f3 el destino y tenemos que encargarnos del tema de Pemex\u201d.<\/p>\n\n\n\n<p>Es necesario, recomend\u00f3, una reestructuraci\u00f3n profunda de la operaci\u00f3n de Pemex, para lo cual respald\u00f3 destinar recursos del Fondo de Estabilizaci\u00f3n de Ingresos Presupuestarios (FEIP) a fin de pagar vencimiento de la empresa, como ha planteado el presidente Andr\u00e9s Manuel L\u00f3pez Obrador, pues se mandar\u00eda una se\u00f1al a los mercados que ir\u00e1 bajando la deuda petrolera.<\/p>\n\n\n\n<p>Adem\u00e1s, apunt\u00f3, hay que hacer un c\u00e1lculo sobre la sostenibilidad financiera de Pemex para saber \u201ccu\u00e1nto aguanta y que el gobierno tome cartas directas en el asunto\u201d, y luego se haga un an\u00e1lisis sobre lo que necesita para ser m\u00e1s eficiente.<\/p>\n","protected":false},"excerpt":{"rendered":"<p>Pemex requiere reestructura profunda porque pone en riesgo al pa\u00eds: Gurr\u00eda La Organizaci\u00f3n para la Cooperaci\u00f3n y el Desarrollo Econ\u00f3micos (OCDE) estim\u00f3 que la econom\u00eda mexicana crecer\u00e1 1.6 por ciento este a\u00f1o y para 2020 se recuperar\u00e1 a cerca de 2.0 por ciento, datos menores a sus estimaciones previas del organismo, de 2.0 y 2.3 [&hellip;]<\/p>\n","protected":false},"author":1,"featured_media":3304,"comment_status":"open","ping_status":"open","sticky":false,"template":"","format":"standard","meta":{"footnotes":""},"categories":[10,3],"tags":[],"_links":{"self":[{"href":"https:\/\/diariodigitalmx.com\/index.php\/wp-json\/wp\/v2\/posts\/3295"}],"collection":[{"href":"https:\/\/diariodigitalmx.com\/index.php\/wp-json\/wp\/v2\/posts"}],"about":[{"href":"https:\/\/diariodigitalmx.com\/index.php\/wp-json\/wp\/v2\/types\/post"}],"author":[{"embeddable":true,"href":"https:\/\/diariodigitalmx.com\/index.php\/wp-json\/wp\/v2\/users\/1"}],"replies":[{"embeddable":true,"href":"https:\/\/diariodigitalmx.com\/index.php\/wp-json\/wp\/v2\/comments?post=3295"}],"version-history":[{"count":6,"href":"https:\/\/diariodigitalmx.com\/index.php\/wp-json\/wp\/v2\/posts\/3295\/revisions"}],"predecessor-version":[{"id":3303,"href":"https:\/\/diariodigitalmx.com\/index.php\/wp-json\/wp\/v2\/posts\/3295\/revisions\/3303"}],"wp:featuredmedia":[{"embeddable":true,"href":"https:\/\/diariodigitalmx.com\/index.php\/wp-json\/wp\/v2\/media\/3304"}],"wp:attachment":[{"href":"https:\/\/diariodigitalmx.com\/index.php\/wp-json\/wp\/v2\/media?parent=3295"}],"wp:term":[{"taxonomy":"category","embeddable":true,"href":"https:\/\/diariodigitalmx.com\/index.php\/wp-json\/wp\/v2\/categories?post=3295"},{"taxonomy":"post_tag","embeddable":true,"href":"https:\/\/diariodigitalmx.com\/index.php\/wp-json\/wp\/v2\/tags?post=3295"}],"curies":[{"name":"wp","href":"https:\/\/api.w.org\/{rel}","templated":true}]}}