{"id":3396,"date":"2019-05-04T16:47:35","date_gmt":"2019-05-04T21:47:35","guid":{"rendered":"http:\/\/diariodigitalmx.com\/?p=3396"},"modified":"2019-05-04T16:50:04","modified_gmt":"2019-05-04T21:50:04","slug":"suman-todos-su-pasion-por-el-monterrey-flashvenga-el-campeonato","status":"publish","type":"post","link":"https:\/\/diariodigitalmx.com\/index.php\/2019\/05\/04\/suman-todos-su-pasion-por-el-monterrey-flashvenga-el-campeonato\/","title":{"rendered":"Suman todos su pasi\u00f3n por el Monterrey Flash,\u00a1venga el campeonato!"},"content":{"rendered":"\n<p><br><\/p>\n\n\n\n<ul><li><strong>Desde el Alcalde de Monterrey, diputados locales, el director de deportes de Nuevo Le\u00f3n &nbsp;empresarios deportivos, conductores de televisi\u00f3n, luchadores, exfutbolistas y el director t\u00e9cnico de Rayados Femenil apoyan al equipo mexicano en su lucha por el t\u00edtulo 2018-2019 de la Major Arena Soccer League.<\/strong><\/li><\/ul>\n\n\n\n<p>Por: Ra\u00fal Emigdio Guevara Ortiz.- Unidos en una sola voz y por una misma causa &nbsp;la comunidad, pol\u00edtica, deportiva y empresarial ha volcado s sus simpat\u00edas de apoyo con el Monterrey Flash que este domingo disputar\u00e1 la Copa Ron Newman m\u00e1ximo galard\u00f3n de la Major Arena Soccer League en su temporada 2018-2019 frente a la escuadra del Milwaukee &nbsp;Wave en el estado de Wisconsin.<br><\/p>\n\n\n\n<p>A trav\u00e9s de su cuenta de twitter el alcalde Monterrey, Adri\u00e1n De la Garza Santos fue el primero en manifestar su apoyo con su mensaje: \u201c\u00a1Con todo @Monterrey Flash a ganarle al equipo de Milwaukee en la final de Liga. \u00a1Vamos Monterrey!\u201d, por su parte la diputada Local  del Movimiento de Regeneraci\u00f3n Nacional (MORENA), &nbsp;Julia Espinoza De los Monteros en forma jubilosa lanz\u00f3 &nbsp;grito de apoyo: \u201cfelicito &nbsp;al Monterrey Flash y vamos por el campeonato\u201d.<br><\/p>\n\n\n\n<p>\u201cLes mando el mayor deseo de \u00e9xito, les deseo de coraz\u00f3n que cuerpo t\u00e9cnico, directiva &nbsp;y jugadores se unan para que traigan un nuevo campeonato &nbsp;a nuestro estado, mi felicitaci\u00f3n a todos ustedes, &nbsp;y mi deseo de recibirlos pronto en Nuevo Le\u00f3n para festejar juntos este campeonato\u201d, dijo Jes\u00fas Perales Navarro, director del instituto estatal del Deporte de Nuevo Le\u00f3n.<br><\/p>\n\n\n\n<p>Desde el recinto local legislativo &nbsp;del estado de Nuevo Le\u00f3n, F\u00e9lix Rocha Esquivel diputado Local del Partido Acci\u00f3n Nacional coment\u00f3: \u201cNuevo Le\u00f3n es tierra de campeones y nuevamente un equipo de nosotros el Flash de Monterrey disputar\u00e1 una final frente a Milwaukee este domingo e ir\u00e1 por el campeonato de la Major Arena Soccer League, felicitamos a la directiva y a su presidente Gerardo Guerra por la excelente temporada que hicieron y sobre todo \u00a1vamos con todo Flash y ser campeones, vive tu pasi\u00f3n!\u201d.<br><\/p>\n\n\n\n<p>Mientras que en su cuenta de twitter el legislador y coordinador de la bancada local del &nbsp;PRI, Francisco Cienfuegos dijo: \u201cApoyemos con todo al equipo de casa <a href=\"https:\/\/twitter.com\/MonterreyFlash\">@MonterreyFlash<\/a> en la \u201cRon Newman cup\u201d \u00a1Vamos por esa copa, mucho \u00e9xito!\u201d.<\/p>\n\n\n\n<p>Por su &nbsp;parte el expresidente del Club Rayados del Monterrey, Jorge Urdiales Flores coment\u00f3 en su mensaje que: \u201cFelicito a mis amigos del Monterrey Flash en la disputa por el campeonato, Monterrey es tierra de campeones, queremos que se traigan el campeonato, se lo merecen lo han peleado y estoy seguro lo van a lograr y los esperamos con el campeonato\u201d.<\/p>\n\n\n\n<p>Desde la tercera cuerda del imaginario ring, el luchador profesional \u00c1ngel Justiciero exhort\u00f3 &nbsp;a los jugadores a &nbsp;que \u201cse traigan este campeonato para nosotros para los regios y para los nuevoleoneses, \u00e9chenle muchas ganas, tienen con qu\u00e9 traerse ese campeonato que es lo menos que se merece esta ciudad\u201d.<\/p>\n\n\n\n<p>\u201cAmigos del Flash de Monterrey muchas felicidades por lo ya logrado, nos han hecho vibrar en cada juego y ahora que les toca ya el final de liga estamos m\u00e1s orgullosos de ustedes, as\u00ed que todo el \u00e9xito todas la buenas vibras desde aqu\u00ed de Monterrey para que seamos campeones\u201d, expres\u00f3 el conductor Josu\u00e9 Becerra quien al igual que su compa\u00f1era Debora Estrella deseo el \u00e9xito total para el equipo mexicano.<\/p>\n\n\n\n<p>En su mensaje la \u201cinfluencer\u201d Marcela Mistral, quien durante la temporada 2014-2015 apadrinara al equipo regio en su presentaci\u00f3n en &nbsp;la MASL deseo: \u201ca mis amigos del Flash mucho \u00e1nimo hasta Wisconsin, sabemos que van a volver a ganar esta final, estamos con ustedes los apoyamos desde Monterrey\u201d.<\/p>\n\n\n\n<p>De igual forma el ex goleador de los Rayados y del Flash de Monterrey Flash Guillermo Franco expres\u00f3 tambi\u00e9n su solidaridad con sus excompa\u00f1eros: \u201cmis mejores deseos para esta gran final y puedan quedar campeones, les mando un fuerte abrazo, mucho \u00e1nimo\u201d.<\/p>\n\n\n\n<p>Juan De Dios Ibarra ex guardameta de los Rayados y que durante la temporada anterior compartiera el arco del Flash con Diego Reynoso se sum\u00f3 tambi\u00e9n a los buenos deseos: \u201cmuchas felicidades por estar nuevamente en la final, les deseo mucho \u00e9xito, qu\u00e9 orgullo, que bien est\u00e1n jugando, que cardiaco est\u00e1n haciendo todos los partidos en \u201cgol de oro\u201d, les deseo mucho \u00e9xito ojal\u00e1 puedan traerse este t\u00edtulo raza\u201d.<\/p>\n\n\n\n<p>\u201cLes deseo mucho \u00e9xito en este juego, vamos por el campeonato, vamos Flash\u201d, fue el grito de guerra que H\u00e9ctor Becerra, director t\u00e9cnico del equipo profesional femenil Rayadas lanz\u00f3 como apoyo a los mexicanos hasta Milwaukee.<\/p>\n\n\n\n<p>Finalmente Rogelio Cota, expresidente de Los Soles de Sonora &nbsp;equipo profesional de f\u00fatbol r\u00e1pido que form\u00f3 parte de la MASL hasta la temporada 2017-2018, manifest\u00f3 tambi\u00e9n su sentir &nbsp;sobre el equipo Monterrey Flash: \u201clos felicito por esta gran campa\u00f1a, por esta gran temporada, como mexicanos nos encontramos muy orgullosos de ustedes por representarnos a tal nivel internacional, \u00e1nimo y a darle con todo\u201d. De esta forma se manifestaron los distintos sectores de la comunidad regiomontana apoyando a su equipo Monterrey en espera que este domingo 5 de mayo cuando en punto de las 17:00 horas logre una nueva satisfacci\u00f3n para el deporte de Nuevo Le\u00f3n. <\/p>\n\n\n\n<ul class=\"wp-block-gallery columns-3 is-cropped wp-block-gallery-1 is-layout-flex wp-block-gallery-is-layout-flex\"><li class=\"blocks-gallery-item\"><figure><img loading=\"lazy\" decoding=\"async\" width=\"1024\" height=\"683\" src=\"http:\/\/diariodigitalmx.com\/wp-content\/uploads\/2019\/05\/JULIA-EPINOZA-DE-LOS-MONTEROS-DIPUTADA-LOCAL-DE-MORENA-1024x683.jpg\" alt=\"\" data-id=\"3402\" data-link=\"http:\/\/diariodigitalmx.com\/?attachment_id=3402\" class=\"wp-image-3402\" srcset=\"https:\/\/diariodigitalmx.com\/wp-content\/uploads\/2019\/05\/JULIA-EPINOZA-DE-LOS-MONTEROS-DIPUTADA-LOCAL-DE-MORENA-1024x683.jpg 1024w, https:\/\/diariodigitalmx.com\/wp-content\/uploads\/2019\/05\/JULIA-EPINOZA-DE-LOS-MONTEROS-DIPUTADA-LOCAL-DE-MORENA-300x200.jpg 300w, https:\/\/diariodigitalmx.com\/wp-content\/uploads\/2019\/05\/JULIA-EPINOZA-DE-LOS-MONTEROS-DIPUTADA-LOCAL-DE-MORENA-768x512.jpg 768w\" sizes=\"(max-width: 1024px) 100vw, 1024px\" \/><\/figure><\/li><li class=\"blocks-gallery-item\"><figure><img loading=\"lazy\" decoding=\"async\" width=\"1024\" height=\"575\" src=\"http:\/\/diariodigitalmx.com\/wp-content\/uploads\/2019\/05\/angel-justiciero-1024x575.jpg\" alt=\"\" data-id=\"3403\" data-link=\"http:\/\/diariodigitalmx.com\/?attachment_id=3403\" class=\"wp-image-3403\" srcset=\"https:\/\/diariodigitalmx.com\/wp-content\/uploads\/2019\/05\/angel-justiciero-1024x575.jpg 1024w, https:\/\/diariodigitalmx.com\/wp-content\/uploads\/2019\/05\/angel-justiciero-300x168.jpg 300w, https:\/\/diariodigitalmx.com\/wp-content\/uploads\/2019\/05\/angel-justiciero-768x431.jpg 768w, https:\/\/diariodigitalmx.com\/wp-content\/uploads\/2019\/05\/angel-justiciero.jpg 1924w\" sizes=\"(max-width: 1024px) 100vw, 1024px\" \/><\/figure><\/li><li class=\"blocks-gallery-item\"><figure><img loading=\"lazy\" decoding=\"async\" width=\"275\" height=\"183\" src=\"http:\/\/diariodigitalmx.com\/wp-content\/uploads\/2019\/05\/ROGELIO-COTA.jpg\" alt=\"\" data-id=\"3404\" data-link=\"http:\/\/diariodigitalmx.com\/?attachment_id=3404\" class=\"wp-image-3404\"\/><\/figure><\/li><li class=\"blocks-gallery-item\"><figure><img loading=\"lazy\" decoding=\"async\" width=\"180\" height=\"220\" src=\"http:\/\/diariodigitalmx.com\/wp-content\/uploads\/2019\/05\/jesus_perales-DIRECTOR-DEL-INDE-NL.jpg\" alt=\"\" data-id=\"3405\" data-link=\"http:\/\/diariodigitalmx.com\/?attachment_id=3405\" class=\"wp-image-3405\"\/><\/figure><\/li><li class=\"blocks-gallery-item\"><figure><img loading=\"lazy\" decoding=\"async\" width=\"938\" height=\"756\" src=\"http:\/\/diariodigitalmx.com\/wp-content\/uploads\/2019\/05\/marcela-mistral.jpg\" alt=\"\" data-id=\"3406\" data-link=\"http:\/\/diariodigitalmx.com\/?attachment_id=3406\" class=\"wp-image-3406\" srcset=\"https:\/\/diariodigitalmx.com\/wp-content\/uploads\/2019\/05\/marcela-mistral.jpg 938w, https:\/\/diariodigitalmx.com\/wp-content\/uploads\/2019\/05\/marcela-mistral-300x242.jpg 300w, https:\/\/diariodigitalmx.com\/wp-content\/uploads\/2019\/05\/marcela-mistral-768x619.jpg 768w\" sizes=\"(max-width: 938px) 100vw, 938px\" \/><\/figure><\/li><li class=\"blocks-gallery-item\"><figure><img loading=\"lazy\" decoding=\"async\" width=\"235\" height=\"235\" src=\"http:\/\/diariodigitalmx.com\/wp-content\/uploads\/2019\/05\/jorge-urdiales..jpg\" alt=\"\" data-id=\"3407\" data-link=\"http:\/\/diariodigitalmx.com\/?attachment_id=3407\" class=\"wp-image-3407\" srcset=\"https:\/\/diariodigitalmx.com\/wp-content\/uploads\/2019\/05\/jorge-urdiales..jpg 235w, https:\/\/diariodigitalmx.com\/wp-content\/uploads\/2019\/05\/jorge-urdiales.-150x150.jpg 150w\" sizes=\"(max-width: 235px) 100vw, 235px\" \/><\/figure><\/li><li class=\"blocks-gallery-item\"><figure><img loading=\"lazy\" decoding=\"async\" width=\"204\" height=\"268\" src=\"http:\/\/diariodigitalmx.com\/wp-content\/uploads\/2019\/05\/JOSE-BECERRA.jpg\" alt=\"\" data-id=\"3408\" data-link=\"http:\/\/diariodigitalmx.com\/?attachment_id=3408\" class=\"wp-image-3408\"\/><\/figure><\/li><li class=\"blocks-gallery-item\"><figure><img loading=\"lazy\" decoding=\"async\" width=\"1024\" height=\"683\" src=\"http:\/\/diariodigitalmx.com\/wp-content\/uploads\/2019\/05\/FELIX-ROCHA-ESQUIVEL-DIPUTADO-LOCAL-DEL-PAN-1024x683.jpg\" alt=\"\" data-id=\"3409\" data-link=\"http:\/\/diariodigitalmx.com\/?attachment_id=3409\" class=\"wp-image-3409\" srcset=\"https:\/\/diariodigitalmx.com\/wp-content\/uploads\/2019\/05\/FELIX-ROCHA-ESQUIVEL-DIPUTADO-LOCAL-DEL-PAN-1024x683.jpg 1024w, https:\/\/diariodigitalmx.com\/wp-content\/uploads\/2019\/05\/FELIX-ROCHA-ESQUIVEL-DIPUTADO-LOCAL-DEL-PAN-300x200.jpg 300w, https:\/\/diariodigitalmx.com\/wp-content\/uploads\/2019\/05\/FELIX-ROCHA-ESQUIVEL-DIPUTADO-LOCAL-DEL-PAN-768x512.jpg 768w\" sizes=\"(max-width: 1024px) 100vw, 1024px\" \/><\/figure><\/li><li class=\"blocks-gallery-item\"><figure><img loading=\"lazy\" decoding=\"async\" width=\"717\" height=\"1024\" src=\"http:\/\/diariodigitalmx.com\/wp-content\/uploads\/2019\/05\/guille-franco-717x1024.jpg\" alt=\"\" data-id=\"3410\" data-link=\"http:\/\/diariodigitalmx.com\/?attachment_id=3410\" class=\"wp-image-3410\" srcset=\"https:\/\/diariodigitalmx.com\/wp-content\/uploads\/2019\/05\/guille-franco-717x1024.jpg 717w, https:\/\/diariodigitalmx.com\/wp-content\/uploads\/2019\/05\/guille-franco-210x300.jpg 210w, https:\/\/diariodigitalmx.com\/wp-content\/uploads\/2019\/05\/guille-franco.jpg 722w\" sizes=\"(max-width: 717px) 100vw, 717px\" \/><\/figure><\/li><li class=\"blocks-gallery-item\"><figure><img loading=\"lazy\" decoding=\"async\" width=\"400\" height=\"480\" src=\"http:\/\/diariodigitalmx.com\/wp-content\/uploads\/2019\/05\/HBecerra.jpg\" alt=\"\" data-id=\"3411\" data-link=\"http:\/\/diariodigitalmx.com\/?attachment_id=3411\" class=\"wp-image-3411\" srcset=\"https:\/\/diariodigitalmx.com\/wp-content\/uploads\/2019\/05\/HBecerra.jpg 400w, https:\/\/diariodigitalmx.com\/wp-content\/uploads\/2019\/05\/HBecerra-250x300.jpg 250w\" sizes=\"(max-width: 400px) 100vw, 400px\" \/><\/figure><\/li><li class=\"blocks-gallery-item\"><figure><img loading=\"lazy\" decoding=\"async\" width=\"200\" height=\"200\" src=\"http:\/\/diariodigitalmx.com\/wp-content\/uploads\/2019\/05\/DEBORA-ESTRELLA.jpg\" alt=\"\" data-id=\"3412\" data-link=\"http:\/\/diariodigitalmx.com\/?attachment_id=3412\" class=\"wp-image-3412\" srcset=\"https:\/\/diariodigitalmx.com\/wp-content\/uploads\/2019\/05\/DEBORA-ESTRELLA.jpg 200w, https:\/\/diariodigitalmx.com\/wp-content\/uploads\/2019\/05\/DEBORA-ESTRELLA-150x150.jpg 150w\" sizes=\"(max-width: 200px) 100vw, 200px\" \/><\/figure><\/li><\/ul>\n","protected":false},"excerpt":{"rendered":"<p>Desde el Alcalde de Monterrey, diputados locales, el director de deportes de Nuevo Le\u00f3n &nbsp;empresarios deportivos, conductores de televisi\u00f3n, luchadores, exfutbolistas y el director t\u00e9cnico de Rayados Femenil apoyan al equipo mexicano en su lucha por el t\u00edtulo 2018-2019 de la Major Arena Soccer League. Por: Ra\u00fal Emigdio Guevara Ortiz.- Unidos en una sola voz [&hellip;]<\/p>\n","protected":false},"author":1,"featured_media":3400,"comment_status":"open","ping_status":"open","sticky":false,"template":"","format":"standard","meta":{"footnotes":""},"categories":[8,3],"tags":[],"_links":{"self":[{"href":"https:\/\/diariodigitalmx.com\/index.php\/wp-json\/wp\/v2\/posts\/3396"}],"collection":[{"href":"https:\/\/diariodigitalmx.com\/index.php\/wp-json\/wp\/v2\/posts"}],"about":[{"href":"https:\/\/diariodigitalmx.com\/index.php\/wp-json\/wp\/v2\/types\/post"}],"author":[{"embeddable":true,"href":"https:\/\/diariodigitalmx.com\/index.php\/wp-json\/wp\/v2\/users\/1"}],"replies":[{"embeddable":true,"href":"https:\/\/diariodigitalmx.com\/index.php\/wp-json\/wp\/v2\/comments?post=3396"}],"version-history":[{"count":7,"href":"https:\/\/diariodigitalmx.com\/index.php\/wp-json\/wp\/v2\/posts\/3396\/revisions"}],"predecessor-version":[{"id":3415,"href":"https:\/\/diariodigitalmx.com\/index.php\/wp-json\/wp\/v2\/posts\/3396\/revisions\/3415"}],"wp:featuredmedia":[{"embeddable":true,"href":"https:\/\/diariodigitalmx.com\/index.php\/wp-json\/wp\/v2\/media\/3400"}],"wp:attachment":[{"href":"https:\/\/diariodigitalmx.com\/index.php\/wp-json\/wp\/v2\/media?parent=3396"}],"wp:term":[{"taxonomy":"category","embeddable":true,"href":"https:\/\/diariodigitalmx.com\/index.php\/wp-json\/wp\/v2\/categories?post=3396"},{"taxonomy":"post_tag","embeddable":true,"href":"https:\/\/diariodigitalmx.com\/index.php\/wp-json\/wp\/v2\/tags?post=3396"}],"curies":[{"name":"wp","href":"https:\/\/api.w.org\/{rel}","templated":true}]}}