{"id":3441,"date":"2019-05-05T15:57:34","date_gmt":"2019-05-05T20:57:34","guid":{"rendered":"http:\/\/diariodigitalmx.com\/?p=3441"},"modified":"2019-05-05T15:57:35","modified_gmt":"2019-05-05T20:57:35","slug":"hace-fiesta-perruna-municipio-de-monterrey","status":"publish","type":"post","link":"https:\/\/diariodigitalmx.com\/index.php\/2019\/05\/05\/hace-fiesta-perruna-municipio-de-monterrey\/","title":{"rendered":"Hace fiesta perruna municipio de Monterrey"},"content":{"rendered":"\n<p>Decenas de familias de la zona norponiente de Monterrey, se beneficiaron con la Feria del Bienestar Animal que organiz\u00f3 el Municipio de Monterrey, a trav\u00e9s de la Secretar\u00eda de Desarrollo Social en coordinaci\u00f3n con la Asociaci\u00f3n Civil Mercado Sobre Huellas.<br>Los vecinos de los sectores aleda\u00f1os a la Colonia Cumbres Elite, acompa\u00f1ados de sus hijos, llevaron a sus mascotas para aprovechar de los beneficios otorgados como vacunaci\u00f3n gratuita de rabia, desparasitaci\u00f3n y est\u00e9tica canina.<br>Los asistentes disfrutaron de una exhibici\u00f3n por parte del grupo t\u00e1ctico canino de la Polic\u00eda Regia, as\u00ed como de la empresa de entrenamiento Moda K9.<br>En el lugar, los due\u00f1os pudieron adquirir accesorios para sus mascotas como collares, vestidos, placas, alimentos y hasta servicios de planes a futuro para la cremaci\u00f3n y urnas. &nbsp;<br>La Secretar\u00eda de Desarrollo Social, a trav\u00e9s de la Direcci\u00f3n de Salud continuar\u00e1 con estas acciones en pro del bienestar animal y de las familias regiomontanas.<\/p>\n\n\n\n<ul class=\"wp-block-gallery columns-1 is-cropped wp-block-gallery-1 is-layout-flex wp-block-gallery-is-layout-flex\"><li class=\"blocks-gallery-item\"><figure><img loading=\"lazy\" decoding=\"async\" width=\"1024\" height=\"683\" src=\"http:\/\/diariodigitalmx.com\/wp-content\/uploads\/2019\/05\/DSC_0011-1024x683.jpg\" alt=\"\" data-id=\"3446\" data-link=\"http:\/\/diariodigitalmx.com\/?attachment_id=3446\" class=\"wp-image-3446\" srcset=\"https:\/\/diariodigitalmx.com\/wp-content\/uploads\/2019\/05\/DSC_0011-1024x683.jpg 1024w, https:\/\/diariodigitalmx.com\/wp-content\/uploads\/2019\/05\/DSC_0011-300x200.jpg 300w, https:\/\/diariodigitalmx.com\/wp-content\/uploads\/2019\/05\/DSC_0011-768x512.jpg 768w\" sizes=\"(max-width: 1024px) 100vw, 1024px\" \/><\/figure><\/li><\/ul>\n","protected":false},"excerpt":{"rendered":"<p>Decenas de familias de la zona norponiente de Monterrey, se beneficiaron con la Feria del Bienestar Animal que organiz\u00f3 el Municipio de Monterrey, a trav\u00e9s de la Secretar\u00eda de Desarrollo Social en coordinaci\u00f3n con la Asociaci\u00f3n Civil Mercado Sobre Huellas.Los vecinos de los sectores aleda\u00f1os a la Colonia Cumbres Elite, acompa\u00f1ados de sus hijos, llevaron [&hellip;]<\/p>\n","protected":false},"author":1,"featured_media":3444,"comment_status":"open","ping_status":"open","sticky":false,"template":"","format":"standard","meta":{"footnotes":""},"categories":[6,3,1],"tags":[],"_links":{"self":[{"href":"https:\/\/diariodigitalmx.com\/index.php\/wp-json\/wp\/v2\/posts\/3441"}],"collection":[{"href":"https:\/\/diariodigitalmx.com\/index.php\/wp-json\/wp\/v2\/posts"}],"about":[{"href":"https:\/\/diariodigitalmx.com\/index.php\/wp-json\/wp\/v2\/types\/post"}],"author":[{"embeddable":true,"href":"https:\/\/diariodigitalmx.com\/index.php\/wp-json\/wp\/v2\/users\/1"}],"replies":[{"embeddable":true,"href":"https:\/\/diariodigitalmx.com\/index.php\/wp-json\/wp\/v2\/comments?post=3441"}],"version-history":[{"count":4,"href":"https:\/\/diariodigitalmx.com\/index.php\/wp-json\/wp\/v2\/posts\/3441\/revisions"}],"predecessor-version":[{"id":3447,"href":"https:\/\/diariodigitalmx.com\/index.php\/wp-json\/wp\/v2\/posts\/3441\/revisions\/3447"}],"wp:featuredmedia":[{"embeddable":true,"href":"https:\/\/diariodigitalmx.com\/index.php\/wp-json\/wp\/v2\/media\/3444"}],"wp:attachment":[{"href":"https:\/\/diariodigitalmx.com\/index.php\/wp-json\/wp\/v2\/media?parent=3441"}],"wp:term":[{"taxonomy":"category","embeddable":true,"href":"https:\/\/diariodigitalmx.com\/index.php\/wp-json\/wp\/v2\/categories?post=3441"},{"taxonomy":"post_tag","embeddable":true,"href":"https:\/\/diariodigitalmx.com\/index.php\/wp-json\/wp\/v2\/tags?post=3441"}],"curies":[{"name":"wp","href":"https:\/\/api.w.org\/{rel}","templated":true}]}}