{"id":3487,"date":"2019-05-06T08:38:10","date_gmt":"2019-05-06T13:38:10","guid":{"rendered":"http:\/\/diariodigitalmx.com\/?p=3487"},"modified":"2019-05-06T08:38:11","modified_gmt":"2019-05-06T13:38:11","slug":"reportan-desaparicion-de-avion-ejecutivo-que-volaba-de-las-vegas-a-monterrey","status":"publish","type":"post","link":"https:\/\/diariodigitalmx.com\/index.php\/2019\/05\/06\/reportan-desaparicion-de-avion-ejecutivo-que-volaba-de-las-vegas-a-monterrey\/","title":{"rendered":"Reportan desaparici\u00f3n de avi\u00f3n ejecutivo que volaba de Las Vegas a Monterrey"},"content":{"rendered":"\n<p><em><br><\/em><\/p>\n\n\n\n<p>Jessica Leal<\/p>\n\n\n\n<p>Monterrey, N. L- Un avi\u00f3n ejecutivo que cubr\u00eda la ruta Las Vegas-Monterrey, perdi\u00f3 contacto con la torre de control del aeropuerto de Monterrey cuando volaba en territorio del vecino estado de Coahuila.<br><\/p>\n\n\n\n<p>La alerta, fue emitida por el Centro de Control de \u00c1rea de Monterrey para un avi\u00f3n Bombardier Challenger 601, matr\u00edcula N601VH.<br><\/p>\n\n\n\n<p>Hasta la 1 de la madrugada del lunes las autoridades de Protecci\u00f3n Civil de Nuevo Le\u00f3n no hab\u00edan sido alertadas del hecho, sin embargo ya por la ma\u00f1ana alrededor de las siete horas empezaron a fluir informaciones sobre un posible accidente.<br><\/p>\n\n\n\n<p>Versiones no confirmadas indican que aparentemente &nbsp;el avi\u00f3n sufri\u00f3 un fuerte descenso cuando iba a 40 mil pies de altura y posteriormente se perdi\u00f3 el contacto.<br><br>La comunicaci\u00f3n con el avi\u00f3n se habr\u00eda perdido a 141 millas n\u00e1uticas de Monclova en Coahuila.<br><br>Trascendi\u00f3 que la tripulaci\u00f3n de la aeronave, que estimaba su aterrizaje en Monterrey a las 18:30 horas, del domingo <\/p>\n\n\n\n<p>estaba integrada por el capit\u00e1n Juan Jos\u00e9 Aguilar, el copiloto Luis Ovidio y la sobrecargo Adriana Mej\u00eda.<br><br>Aunque el sitio Flightaware se\u00f1al\u00f3 que el avi\u00f3n s\u00ed aterriz\u00f3 en Monterrey, no se ten\u00edan m\u00e1s versiones que lo confirmaran.<br>Adem\u00e1s de la tripulaci\u00f3n no se debe quienes viajaban como pasajeros los que, habr\u00edan acudido a una pelea de voz el s\u00e1bado en Las Vegas.<\/p>\n\n\n\n<p><\/p>\n\n\n\n<p><\/p>\n","protected":false},"excerpt":{"rendered":"<p>Jessica Leal Monterrey, N. L- Un avi\u00f3n ejecutivo que cubr\u00eda la ruta Las Vegas-Monterrey, perdi\u00f3 contacto con la torre de control del aeropuerto de Monterrey cuando volaba en territorio del vecino estado de Coahuila. La alerta, fue emitida por el Centro de Control de \u00c1rea de Monterrey para un avi\u00f3n Bombardier Challenger 601, matr\u00edcula N601VH. [&hellip;]<\/p>\n","protected":false},"author":1,"featured_media":3491,"comment_status":"open","ping_status":"open","sticky":false,"template":"","format":"standard","meta":{"footnotes":""},"categories":[6,3],"tags":[],"_links":{"self":[{"href":"https:\/\/diariodigitalmx.com\/index.php\/wp-json\/wp\/v2\/posts\/3487"}],"collection":[{"href":"https:\/\/diariodigitalmx.com\/index.php\/wp-json\/wp\/v2\/posts"}],"about":[{"href":"https:\/\/diariodigitalmx.com\/index.php\/wp-json\/wp\/v2\/types\/post"}],"author":[{"embeddable":true,"href":"https:\/\/diariodigitalmx.com\/index.php\/wp-json\/wp\/v2\/users\/1"}],"replies":[{"embeddable":true,"href":"https:\/\/diariodigitalmx.com\/index.php\/wp-json\/wp\/v2\/comments?post=3487"}],"version-history":[{"count":3,"href":"https:\/\/diariodigitalmx.com\/index.php\/wp-json\/wp\/v2\/posts\/3487\/revisions"}],"predecessor-version":[{"id":3490,"href":"https:\/\/diariodigitalmx.com\/index.php\/wp-json\/wp\/v2\/posts\/3487\/revisions\/3490"}],"wp:featuredmedia":[{"embeddable":true,"href":"https:\/\/diariodigitalmx.com\/index.php\/wp-json\/wp\/v2\/media\/3491"}],"wp:attachment":[{"href":"https:\/\/diariodigitalmx.com\/index.php\/wp-json\/wp\/v2\/media?parent=3487"}],"wp:term":[{"taxonomy":"category","embeddable":true,"href":"https:\/\/diariodigitalmx.com\/index.php\/wp-json\/wp\/v2\/categories?post=3487"},{"taxonomy":"post_tag","embeddable":true,"href":"https:\/\/diariodigitalmx.com\/index.php\/wp-json\/wp\/v2\/tags?post=3487"}],"curies":[{"name":"wp","href":"https:\/\/api.w.org\/{rel}","templated":true}]}}