{"id":3492,"date":"2019-05-06T11:16:10","date_gmt":"2019-05-06T16:16:10","guid":{"rendered":"http:\/\/diariodigitalmx.com\/?p=3492"},"modified":"2019-05-06T12:24:58","modified_gmt":"2019-05-06T17:24:58","slug":"amlo-asegura-que-en-mexico-no-hay-una-guerra-contra-la-delincuencia","status":"publish","type":"post","link":"https:\/\/diariodigitalmx.com\/index.php\/2019\/05\/06\/amlo-asegura-que-en-mexico-no-hay-una-guerra-contra-la-delincuencia\/","title":{"rendered":"AMLO asegura que en M\u00e9xico no hay una guerra contra la delincuencia"},"content":{"rendered":"\n<p><strong>Armando Z\u00fa\u00f1iga<\/strong><\/p>\n\n\n\n<p><strong>En M\u00e9xico\u00a0\u201cno hay guerra contra la delincuencia; no queremos la guerra\u201d, porque esa estrategia fue un fracaso, no funcion\u00f3 y fue la que desat\u00f3 la violencia y convirti\u00f3 al pa\u00eds en una fosa, en un cementerio, asegur\u00f3 el Presidente\u00a0Andr\u00e9s Manuel L\u00f3pez Obrador.<\/strong><\/p>\n\n\n\n<p><strong>En la ma\u00f1anera 111, destac\u00f3 que&nbsp;<\/strong><strong>su estrategia de seguridad tiene especial \u00e9nfasis en los j\u00f3venes, porque en sexenios pasados fueron abandonados&nbsp;<\/strong><strong>e incluso se les etiquet\u00f3 de&nbsp;\u201cninis\u201d.<\/strong><\/p>\n\n\n\n<p><strong>El mandatario relat\u00f3 que en un ataque a un ducto que va de&nbsp;Tuxpan&nbsp;a&nbsp;Azcapotzalco, un marino result\u00f3 muerto, y entre los detenidos estaba un joven de 17 a\u00f1os, a quien incluso el agente que lo detuvo report\u00f3 que era casi un ni\u00f1o.&nbsp;\u201cEra como mi hijo\u201d, dijo.<\/strong><\/p>\n\n\n\n<p><strong>Precis\u00f3: \u201cA\u00fan&nbsp;tenemos un problema, 26 mil cuerpos sin identificar y m\u00e1s de un mill\u00f3n de v\u00edctimas de esa pol\u00edtica. No hay guerra; tenemos una estrategia distinta donde la&nbsp;Guardia Nacional&nbsp;es un complemento; lo fundamental es atender las causas, generando bienestar y atendiendo a los j\u00f3venes\u201d.<\/strong><\/p>\n\n\n\n<p><strong>De la estrategia, explic\u00f3, 70% consiste en el bienestar y la justicia; 20% en la&nbsp;Guardia Nacional&nbsp;y 10% en la perseverancia, para no repetir el error que cometieron en el pasado de enviar al&nbsp;Ej\u00e9rcito&nbsp;y a la&nbsp;Marina&nbsp;a realizar operativos, pero no hab\u00eda protecci\u00f3n para la gente: \u201cNo se atend\u00eda la demanda de seguridad p\u00fablica, por eso se cre\u00f3 la&nbsp;Guardia Nacional&nbsp;que tendr\u00e1 presencia en todo el territorio\u201d.<\/strong><\/p>\n\n\n\n<p><strong>Finalmente inform\u00f3 que en el caso de un enfrentamiento que se dio en Minatitl\u00e1n donde supuestamente particip\u00f3 un elemento de la Guardia Nacional, que en realidad se trat\u00f3 de un polic\u00eda federal que estaba franco.<\/strong><\/p>\n","protected":false},"excerpt":{"rendered":"<p>Armando Z\u00fa\u00f1iga En M\u00e9xico\u00a0\u201cno hay guerra contra la delincuencia; no queremos la guerra\u201d, porque esa estrategia fue un fracaso, no funcion\u00f3 y fue la que desat\u00f3 la violencia y convirti\u00f3 al pa\u00eds en una fosa, en un cementerio, asegur\u00f3 el Presidente\u00a0Andr\u00e9s Manuel L\u00f3pez Obrador. En la ma\u00f1anera 111, destac\u00f3 que&nbsp;su estrategia de seguridad tiene especial [&hellip;]<\/p>\n","protected":false},"author":1,"featured_media":3493,"comment_status":"open","ping_status":"open","sticky":true,"template":"","format":"standard","meta":{"footnotes":""},"categories":[2],"tags":[],"_links":{"self":[{"href":"https:\/\/diariodigitalmx.com\/index.php\/wp-json\/wp\/v2\/posts\/3492"}],"collection":[{"href":"https:\/\/diariodigitalmx.com\/index.php\/wp-json\/wp\/v2\/posts"}],"about":[{"href":"https:\/\/diariodigitalmx.com\/index.php\/wp-json\/wp\/v2\/types\/post"}],"author":[{"embeddable":true,"href":"https:\/\/diariodigitalmx.com\/index.php\/wp-json\/wp\/v2\/users\/1"}],"replies":[{"embeddable":true,"href":"https:\/\/diariodigitalmx.com\/index.php\/wp-json\/wp\/v2\/comments?post=3492"}],"version-history":[{"count":2,"href":"https:\/\/diariodigitalmx.com\/index.php\/wp-json\/wp\/v2\/posts\/3492\/revisions"}],"predecessor-version":[{"id":3521,"href":"https:\/\/diariodigitalmx.com\/index.php\/wp-json\/wp\/v2\/posts\/3492\/revisions\/3521"}],"wp:featuredmedia":[{"embeddable":true,"href":"https:\/\/diariodigitalmx.com\/index.php\/wp-json\/wp\/v2\/media\/3493"}],"wp:attachment":[{"href":"https:\/\/diariodigitalmx.com\/index.php\/wp-json\/wp\/v2\/media?parent=3492"}],"wp:term":[{"taxonomy":"category","embeddable":true,"href":"https:\/\/diariodigitalmx.com\/index.php\/wp-json\/wp\/v2\/categories?post=3492"},{"taxonomy":"post_tag","embeddable":true,"href":"https:\/\/diariodigitalmx.com\/index.php\/wp-json\/wp\/v2\/tags?post=3492"}],"curies":[{"name":"wp","href":"https:\/\/api.w.org\/{rel}","templated":true}]}}