{"id":3495,"date":"2019-05-06T11:22:59","date_gmt":"2019-05-06T16:22:59","guid":{"rendered":"http:\/\/diariodigitalmx.com\/?p=3495"},"modified":"2019-05-06T12:23:45","modified_gmt":"2019-05-06T17:23:45","slug":"rechaza-obrador-otro-estado-mayor-persidencial","status":"publish","type":"post","link":"https:\/\/diariodigitalmx.com\/index.php\/2019\/05\/06\/rechaza-obrador-otro-estado-mayor-persidencial\/","title":{"rendered":"Rechaza Obrador otro Estado Mayor Persidencial"},"content":{"rendered":"\n<p><em><strong>*<\/strong><\/em><strong><em>No volver\u00e1 a ser como antes donde cuidaban a pe\u00f1a nieto 8 mil elementos de \u00e9lite ning\u00fan presidente del mundo lo tenia<\/em><\/strong><\/p>\n\n\n\n<h4 class=\"wp-block-heading\" id=\"mce_5\">Armando Z\u00fa\u00f1iga<\/h4>\n\n\n\n<p>El Presidente,\u00a0Andr\u00e9s Manuel L\u00f3pez Obrador, afirm\u00f3 o estar de acuerdo con la propuesta del Senado de la Rep\u00fablica, de crear\u00a0un \u00f3rgano de seguridad para cuidarlo porque\u00a0no le agrada porque a \u00e9l lo cuida el pueblo y no siente temor.<\/p>\n\n\n\n<p><strong>En la ma\u00f1anera de este lunes dijo que el desparecido &nbsp;Estado Mayor Presidencial<\/strong>,<strong>&nbsp;era una \u00e9lite, ya que se trataban de 8 mil elementos al servicio del presidente.&nbsp;\u201cNo hab\u00eda un&nbsp;jefe de Estado&nbsp;en el mundo con un aparato as\u00ed para protegerlo, al presidente lo cuida la gente porque el que lucha no tiene nada que temer\u201d.<\/strong><\/p>\n\n\n\n<p><strong>Andr\u00e9s Manuel asever\u00f3 que aunque respeta la propuesta del Senado, especialmente de&nbsp;Dante Delgado<\/strong>,<strong>&nbsp;de&nbsp;Movimiento Ciudadano<\/strong>,<strong>&nbsp;con su actual ayudant\u00eda, compuesta por 10 hombres y 10 mujeres, le es suficiente.&nbsp;\u201c<\/strong><strong>No pueden maltratar a la gente. Cuando trae uno guardaespaldas abusan, se sienten muy poderosos\u201d,<\/strong><\/p>\n\n\n\n<p><strong>Por eso afirm\u00f3 que no viaja en aviones ni helic\u00f3pteros en sus giras porque as\u00ed se da cuenta de las necesidades de la gente y no le den atole con el dedo: \u201cLa ayudant\u00eda es suficiente me permiten saludar a la gente imaginen la informaci\u00f3n que recojo, que el presidente municipal hizo esto, no se confi\u00e9 en lo otro, nos quieren desalojar de viviendas, mi hijo esta desparecido, me quieren quitar un terreno, me quitaron mi plaza, todo eso y si no tengo esa comunicaci\u00f3n&nbsp;&nbsp;no sabr\u00eda lo que pasa el pa\u00eds.<\/strong><\/p>\n\n\n\n<p><strong>Adem\u00e1s dijo que si usara las aeronaves no se dar\u00eda cuenta de nada: \u201cLa otra no viajo m\u00e1s en aviones ni helic\u00f3pteros,&nbsp;&nbsp;si voy de Monclova a Sabinas en helic\u00f3ptero cuando me voy a dar cuenta c\u00f3mo est\u00e1n los caminos ah\u00ed si me dar\u00edan atole con el dedo\u201d.<\/strong><\/p>\n","protected":false},"excerpt":{"rendered":"<p>*No volver\u00e1 a ser como antes donde cuidaban a pe\u00f1a nieto 8 mil elementos de \u00e9lite ning\u00fan presidente del mundo lo tenia Armando Z\u00fa\u00f1iga El Presidente,\u00a0Andr\u00e9s Manuel L\u00f3pez Obrador, afirm\u00f3 o estar de acuerdo con la propuesta del Senado de la Rep\u00fablica, de crear\u00a0un \u00f3rgano de seguridad para cuidarlo porque\u00a0no le agrada porque a \u00e9l [&hellip;]<\/p>\n","protected":false},"author":1,"featured_media":3496,"comment_status":"open","ping_status":"open","sticky":true,"template":"","format":"standard","meta":{"footnotes":""},"categories":[2],"tags":[],"_links":{"self":[{"href":"https:\/\/diariodigitalmx.com\/index.php\/wp-json\/wp\/v2\/posts\/3495"}],"collection":[{"href":"https:\/\/diariodigitalmx.com\/index.php\/wp-json\/wp\/v2\/posts"}],"about":[{"href":"https:\/\/diariodigitalmx.com\/index.php\/wp-json\/wp\/v2\/types\/post"}],"author":[{"embeddable":true,"href":"https:\/\/diariodigitalmx.com\/index.php\/wp-json\/wp\/v2\/users\/1"}],"replies":[{"embeddable":true,"href":"https:\/\/diariodigitalmx.com\/index.php\/wp-json\/wp\/v2\/comments?post=3495"}],"version-history":[{"count":2,"href":"https:\/\/diariodigitalmx.com\/index.php\/wp-json\/wp\/v2\/posts\/3495\/revisions"}],"predecessor-version":[{"id":3517,"href":"https:\/\/diariodigitalmx.com\/index.php\/wp-json\/wp\/v2\/posts\/3495\/revisions\/3517"}],"wp:featuredmedia":[{"embeddable":true,"href":"https:\/\/diariodigitalmx.com\/index.php\/wp-json\/wp\/v2\/media\/3496"}],"wp:attachment":[{"href":"https:\/\/diariodigitalmx.com\/index.php\/wp-json\/wp\/v2\/media?parent=3495"}],"wp:term":[{"taxonomy":"category","embeddable":true,"href":"https:\/\/diariodigitalmx.com\/index.php\/wp-json\/wp\/v2\/categories?post=3495"},{"taxonomy":"post_tag","embeddable":true,"href":"https:\/\/diariodigitalmx.com\/index.php\/wp-json\/wp\/v2\/tags?post=3495"}],"curies":[{"name":"wp","href":"https:\/\/api.w.org\/{rel}","templated":true}]}}