{"id":3523,"date":"2019-05-06T13:10:59","date_gmt":"2019-05-06T18:10:59","guid":{"rendered":"http:\/\/diariodigitalmx.com\/?p=3523"},"modified":"2019-05-06T13:11:01","modified_gmt":"2019-05-06T18:11:01","slug":"por-cierto-36","status":"publish","type":"post","link":"https:\/\/diariodigitalmx.com\/index.php\/2019\/05\/06\/por-cierto-36\/","title":{"rendered":"Por cierto&#8230;"},"content":{"rendered":"\n<p>\n\n\u00d3scar Tamez Rodriguez\n\n<\/p>\n\n\n\n<p>Se realiz\u00f3 la marcha organizada por los chalecos verdes contra AMLO, quienes por cierto son desconocidos, un grupo secreto al cual se dice, lidera el gober de Chihuahua, pertenecen periodistas como Fernanda Familiar y Francisco Mart\u00edn Moreno, adem\u00e1s pol\u00edticos, como Vicente Fox. <\/p>\n\n\n\n<p>Por lo pronto es peligroso que un grupo sectario y de esos, tipo el yunque, organice movilizaciones antisistema. <\/p>\n\n\n\n<p>Llama la atenci\u00f3n que periodistas acuciosos como Ciro G\u00f3mez Leyva al entrevistar a uno de los convocantes no le insista sobre los nombres de estos chalequeros. Lo c\u00f3mico de esto: para los amlof\u00edlicos no se juntaron ni 300 en la marcha de NL, para los amlof\u00f3bicos eran m\u00e1s de 5 mil marchantes. Lo que este opinador vio en los videos, el contingente supera los 3 mil asistentes.<\/p>\n\n\n\n<p> \u00a1Voy a ser acusado de fifi!&#8230; Vaya, los organizadores de la marcha no se dan cuenta que le hacen el juego a AMLO quien se alimenta de mantener al pa\u00eds dividido entre chairos y fifis; una estrategia hist\u00f3ricamente eficaz.<\/p>\n\n\n\n<p><br><a rel=\"noreferrer noopener\" href=\"http:\/\/www.estudiospoliticos.mx\/\" target=\"_blank\">www.estudiospoliticos.mx<\/a><\/p>\n\n\n\n<p>@EstudiosMx<\/p>\n\n\n\n<p><a rel=\"noreferrer noopener\" href=\"http:\/\/www.facebook.com\/EstudiosPoliticos.mx\" target=\"_blank\">www.facebook.com\/EstudiosPoliticos.mx<\/a><\/p>\n","protected":false},"excerpt":{"rendered":"<p>\u00d3scar Tamez Rodriguez Se realiz\u00f3 la marcha organizada por los chalecos verdes contra AMLO, quienes por cierto son desconocidos, un grupo secreto al cual se dice, lidera el gober de Chihuahua, pertenecen periodistas como Fernanda Familiar y Francisco Mart\u00edn Moreno, adem\u00e1s pol\u00edticos, como Vicente Fox. Por lo pronto es peligroso que un grupo sectario y [&hellip;]<\/p>\n","protected":false},"author":1,"featured_media":2405,"comment_status":"open","ping_status":"open","sticky":true,"template":"","format":"standard","meta":{"footnotes":""},"categories":[12],"tags":[],"_links":{"self":[{"href":"https:\/\/diariodigitalmx.com\/index.php\/wp-json\/wp\/v2\/posts\/3523"}],"collection":[{"href":"https:\/\/diariodigitalmx.com\/index.php\/wp-json\/wp\/v2\/posts"}],"about":[{"href":"https:\/\/diariodigitalmx.com\/index.php\/wp-json\/wp\/v2\/types\/post"}],"author":[{"embeddable":true,"href":"https:\/\/diariodigitalmx.com\/index.php\/wp-json\/wp\/v2\/users\/1"}],"replies":[{"embeddable":true,"href":"https:\/\/diariodigitalmx.com\/index.php\/wp-json\/wp\/v2\/comments?post=3523"}],"version-history":[{"count":1,"href":"https:\/\/diariodigitalmx.com\/index.php\/wp-json\/wp\/v2\/posts\/3523\/revisions"}],"predecessor-version":[{"id":3524,"href":"https:\/\/diariodigitalmx.com\/index.php\/wp-json\/wp\/v2\/posts\/3523\/revisions\/3524"}],"wp:featuredmedia":[{"embeddable":true,"href":"https:\/\/diariodigitalmx.com\/index.php\/wp-json\/wp\/v2\/media\/2405"}],"wp:attachment":[{"href":"https:\/\/diariodigitalmx.com\/index.php\/wp-json\/wp\/v2\/media?parent=3523"}],"wp:term":[{"taxonomy":"category","embeddable":true,"href":"https:\/\/diariodigitalmx.com\/index.php\/wp-json\/wp\/v2\/categories?post=3523"},{"taxonomy":"post_tag","embeddable":true,"href":"https:\/\/diariodigitalmx.com\/index.php\/wp-json\/wp\/v2\/tags?post=3523"}],"curies":[{"name":"wp","href":"https:\/\/api.w.org\/{rel}","templated":true}]}}