{"id":3546,"date":"2019-05-06T17:49:29","date_gmt":"2019-05-06T22:49:29","guid":{"rendered":"http:\/\/diariodigitalmx.com\/?p=3546"},"modified":"2019-05-06T17:49:30","modified_gmt":"2019-05-06T22:49:30","slug":"politica-y-gente-16","status":"publish","type":"post","link":"https:\/\/diariodigitalmx.com\/index.php\/2019\/05\/06\/politica-y-gente-16\/","title":{"rendered":"Pol\u00edtica y Gente"},"content":{"rendered":"\n<p><strong><em>Por Pedro Garc\u00eda<\/em><\/strong><\/p>\n\n\n\n<p>El nombre de Yeidckol Polevnsky rebot\u00f3 por todas las paredes del sal\u00f3n Garvill de Ciudad Guadalupe, en menciones de condena a las pr\u00e1cticas corruptas de la dirigente de Morena, expresadas por v\u00edctimas de las tranzas pol\u00edticas pactadas entre la mujer pol\u00edtica y personajes del PRI y del PAN, infiltrados como caballos de Troya, que derivaron en el descarrilamiento de candidatos naturales a las alcald\u00edas y relevados por otros que pasaron como seudomorenistas.<\/p>\n\n\n\n<p>Los apellidos Alvarado, Guerra, Garc\u00eda, Flores y otros, aparecieron en la sarta de condenas, definidos como los actores principales de la opereta electoral por medio de la cual, Morena son\u00f3 bofo en las elecciones municipales.<\/p>\n\n\n\n<p>El domingo 5 de mayo, una a una, se fueron manifestando las voces en repudio de Yeidckol quien habr\u00eda orquestado la venta de la elecci\u00f3n en Nuevo Le\u00f3n, el 1 de julio del a\u00f1o pasado.<\/p>\n\n\n\n<p>Que Polevnsky hizo acuerdos monetarios con cuadros distinguidos del PRI para maquillar la fuerza electoral de Morena que qued\u00f3 en una fantas\u00eda, para amargura y decepci\u00f3n de las estructuras que se hab\u00edan creado en municipios de la zona metropolitana de Monterrey.<\/p>\n\n\n\n<p>Lo anterior durante un encuentro de simpatizantes de Morena con Alejandro Rojas D\u00edaz Dur\u00e1n, opositor a Polevnsky en una pr\u00f3xima contienda para la dirigencia del partido creado por L\u00f3pez Obrador.<\/p>\n\n\n\n<p>Entre la asistencia se pudo contar a Gustavo Alarc\u00f3n, Arnoldo Leal, priistas o expriistas, ambos, entre otros.<\/p>\n\n\n\n<p>\u00a1En Apodaca no queremos a Yeidckol!, se escuch\u00f3 en el sal\u00f3n, voz que fue secundada, \u00a1tampoco en Escobedo\u00a1, \u00a1en Guadalupe, tampoco!, y as\u00ed sucesivamente que manifestaron las traiciones de la todav\u00eda l\u00edder de Morena.<\/p>\n\n\n\n<p>-o0o-<\/p>\n\n\n\n<p>El s\u00e1bado, el perredismo local celebr\u00f3 los 30 a\u00f1os de vigencia del partido en donde, contra cualquier estimaci\u00f3n, la convocatoria consigui\u00f3 una asistencia cercana a las 300 personas.<\/p>\n\n\n\n<p>El anfitri\u00f3n, Aliber Rodr\u00edguez Garza present\u00f3 a Camerino M\u00e1rquez Madrid, representante del PRD en el Instituto Nacional Electoral quien, entrevistado, consider\u00f3 que la cerraz\u00f3n pol\u00edtica del presidente L\u00f3pez Obrador podr\u00eda derivar a que haya un \u201cgobierno fallido\u201d.<\/p>\n\n\n\n<p>En el acto estuvo presente el profesor Rub\u00e9n Mario Garza Morales, ferviente perredista.<\/p>\n\n\n\n<p>-o0o-<\/p>\n\n\n\n<p>\u00bfAlguien sabr\u00e1 si hay intereses inconfesables entre los funcionarios del gobierno de El Bronco en el transporte urbano? \u00bfQui\u00e9n sabr\u00e1 de eso?<\/p>\n\n\n\n<p>-o0o-<\/p>\n\n\n\n<p>Los que representan trabajadores tambi\u00e9n quieren aumento en las tarifas camioneras.<\/p>\n\n\n\n<p>-o0o-<\/p>\n\n\n\n<p>Tambi\u00e9n, apoyan los empresarios de la Canaco, Caintra y Coparmex, bajo el argumento cuadrado de la razonable sobrevivencia de un negocio.<\/p>\n\n\n\n<p>\u00bfEs razonable, el \u201ctarifazo\u201d? \u00bfEs sano incrementar las tarifas sobre la tasa de inflaci\u00f3n? \u00bfAceptar\u00edan los empresarios de la Canaco, Caintra y Coparmex, ajustar los salarios al alza, muy por encima de la inflaci\u00f3n?<\/p>\n","protected":false},"excerpt":{"rendered":"<p>Por Pedro Garc\u00eda El nombre de Yeidckol Polevnsky rebot\u00f3 por todas las paredes del sal\u00f3n Garvill de Ciudad Guadalupe, en menciones de condena a las pr\u00e1cticas corruptas de la dirigente de Morena, expresadas por v\u00edctimas de las tranzas pol\u00edticas pactadas entre la mujer pol\u00edtica y personajes del PRI y del PAN, infiltrados como caballos de [&hellip;]<\/p>\n","protected":false},"author":1,"featured_media":604,"comment_status":"open","ping_status":"open","sticky":true,"template":"","format":"standard","meta":{"footnotes":""},"categories":[12],"tags":[],"_links":{"self":[{"href":"https:\/\/diariodigitalmx.com\/index.php\/wp-json\/wp\/v2\/posts\/3546"}],"collection":[{"href":"https:\/\/diariodigitalmx.com\/index.php\/wp-json\/wp\/v2\/posts"}],"about":[{"href":"https:\/\/diariodigitalmx.com\/index.php\/wp-json\/wp\/v2\/types\/post"}],"author":[{"embeddable":true,"href":"https:\/\/diariodigitalmx.com\/index.php\/wp-json\/wp\/v2\/users\/1"}],"replies":[{"embeddable":true,"href":"https:\/\/diariodigitalmx.com\/index.php\/wp-json\/wp\/v2\/comments?post=3546"}],"version-history":[{"count":1,"href":"https:\/\/diariodigitalmx.com\/index.php\/wp-json\/wp\/v2\/posts\/3546\/revisions"}],"predecessor-version":[{"id":3549,"href":"https:\/\/diariodigitalmx.com\/index.php\/wp-json\/wp\/v2\/posts\/3546\/revisions\/3549"}],"wp:featuredmedia":[{"embeddable":true,"href":"https:\/\/diariodigitalmx.com\/index.php\/wp-json\/wp\/v2\/media\/604"}],"wp:attachment":[{"href":"https:\/\/diariodigitalmx.com\/index.php\/wp-json\/wp\/v2\/media?parent=3546"}],"wp:term":[{"taxonomy":"category","embeddable":true,"href":"https:\/\/diariodigitalmx.com\/index.php\/wp-json\/wp\/v2\/categories?post=3546"},{"taxonomy":"post_tag","embeddable":true,"href":"https:\/\/diariodigitalmx.com\/index.php\/wp-json\/wp\/v2\/tags?post=3546"}],"curies":[{"name":"wp","href":"https:\/\/api.w.org\/{rel}","templated":true}]}}