{"id":3562,"date":"2019-05-06T18:28:11","date_gmt":"2019-05-06T23:28:11","guid":{"rendered":"http:\/\/diariodigitalmx.com\/?p=3562"},"modified":"2019-05-06T18:28:11","modified_gmt":"2019-05-06T23:28:11","slug":"la-realidad-del-transporte-publico-en-nuevo-leon","status":"publish","type":"post","link":"https:\/\/diariodigitalmx.com\/index.php\/2019\/05\/06\/la-realidad-del-transporte-publico-en-nuevo-leon\/","title":{"rendered":"La realidad del transporte p\u00fablico en Nuevo Le\u00f3n"},"content":{"rendered":"\n<p>Waldo Fern\u00e1ndez<\/p>\n\n\n\n<p>El transporte p\u00fablico es un medio vital para toda sociedad. Cualquier gobierno que se precie de tener sensibilidad social tiene la obligaci\u00f3n de garantizar las condiciones para que su poblaci\u00f3n cuente con un transporte p\u00f9blico de calidad que le permita llevar a cabo sus actividades econ\u00f3micamente productivas y de esparcimiento. Si el gobierno falla en ofrecer dichas condiciones traer\u00e1 consigo no s\u00f3lo consecuencias econ\u00f3micas negativas sino que generar\u00e1 un clima de ingobernabilidad. &nbsp;&nbsp;&nbsp;<br><\/p>\n\n\n\n<p>En Nuevo Le\u00f3n el gobierno estatal y los transportistas han sostenido durante lo que va de esta administraci\u00f3n una negociaci\u00f3n referente al alza en la tarifa de transporte. Los empresarios argumentan, en t\u00e9rminos llanos, que los precios del combustible y mantenimiento de las unidades son insostenibles con la tarifa actual. Desde el gobierno estatal se hab\u00eda mantenido un di\u00e1logo constante, se escucharon las razones de los empresarios transportistas, pero se insisti\u00f3 en poner siempre por delante el beneficio de los usuarios, reconociendo que cualquier alza en la tarifa es un golpe a la econom\u00eda familiar de la mayor parte de la sociedad.<br><\/p>\n\n\n\n<p>Desgraciadamente dicho di\u00e1logo se rompi\u00f3 durante el \u00faltimo fin de semana de abril y el lunes 29 los empresarios transportistas llevaron a cabo un paro en el servicio que dur\u00f3 de las 5 hasta las 8 de la ma\u00f1ana del mismo d\u00eda. La acci\u00f3n represent\u00f3 un golpe artero a los usuarios pues con dolo premeditado fue un d\u00eda antes de fin de mes, cuando el dinero escasea m\u00e1s, adem\u00e1s de ser fin de vacaciones y regreso a clases. Ni duda cabe que el objetivo de los empresarios era afectar lo m\u00e1s posible a la poblaci\u00f3n. <br><\/p>\n\n\n\n<p>En este escenario de polarizaci\u00f3n todos siguen abonando. Las ONG\u2019s pidiendo condiciones que escapan de la realidad financiera que vive el estado y en un caso en particular poni\u00e9ndose a merced de los intereses electorales de personajes pol\u00edticos al pretender hacer ver como \u201cciudadana\u201d una protesta financiada con dinero de esos personajes con el objetivo claro de desinformar y afectar la gobernabilidad en Nuevo Le\u00f3n.&nbsp; Las c\u00e1maras empresariales adoleciendo p\u00fablicamente el golpe econ\u00f3mico sin mencionar que la postura del gobierno siempre ha sido en contra del aumento de tarifa y soslayando una realidad que ellos conocen bien y que tiene que ver con el aumento a los combustibles a partir del 2017, una situaci\u00f3n que ellos mismos se\u00f1alaron como motivo de incremento en sus costos, pero que parece que no consideran que afecte de la misma forma para los empresarios del transporte. <br><\/p>\n\n\n\n<p>Los partidos pol\u00edticos y el poder legislativo sacando raja pol\u00edtica, \u201calzan\u201d la voz, pero nadie dice que \u00e9sta situaci\u00f3n es heredada, que el aumento no lo decide el Gobernador sino el Consejo Estatal de Transporte y Vialidad, pero m\u00e1s importante a\u00fan, que si no la resolvemos ahora de manera realista ser\u00e1 un lastre para cualquiera que gobierne despu\u00e9s de \u00e9sta administraci\u00f3n estatal. <br><\/p>\n\n\n\n<p>Pero los m\u00e1s arteros de todos han sido los transportistas porque no entienden que no est\u00e1n otorgando s\u00f3lo un servicio sino un derecho humano, el de la movilidad. Ante esto ya no hay diplomacia que valga, es momento de hacer valer la autoridad que nos dio la gente y emprender las acciones jur\u00eddicas necesarias para sancionarlos, cosa que debe hacerse y se har\u00e1.<\/p>\n","protected":false},"excerpt":{"rendered":"<p>Waldo Fern\u00e1ndez El transporte p\u00fablico es un medio vital para toda sociedad. Cualquier gobierno que se precie de tener sensibilidad social tiene la obligaci\u00f3n de garantizar las condiciones para que su poblaci\u00f3n cuente con un transporte p\u00f9blico de calidad que le permita llevar a cabo sus actividades econ\u00f3micamente productivas y de esparcimiento. Si el gobierno [&hellip;]<\/p>\n","protected":false},"author":1,"featured_media":1047,"comment_status":"open","ping_status":"open","sticky":false,"template":"","format":"standard","meta":{"footnotes":""},"categories":[12,3],"tags":[],"_links":{"self":[{"href":"https:\/\/diariodigitalmx.com\/index.php\/wp-json\/wp\/v2\/posts\/3562"}],"collection":[{"href":"https:\/\/diariodigitalmx.com\/index.php\/wp-json\/wp\/v2\/posts"}],"about":[{"href":"https:\/\/diariodigitalmx.com\/index.php\/wp-json\/wp\/v2\/types\/post"}],"author":[{"embeddable":true,"href":"https:\/\/diariodigitalmx.com\/index.php\/wp-json\/wp\/v2\/users\/1"}],"replies":[{"embeddable":true,"href":"https:\/\/diariodigitalmx.com\/index.php\/wp-json\/wp\/v2\/comments?post=3562"}],"version-history":[{"count":2,"href":"https:\/\/diariodigitalmx.com\/index.php\/wp-json\/wp\/v2\/posts\/3562\/revisions"}],"predecessor-version":[{"id":3564,"href":"https:\/\/diariodigitalmx.com\/index.php\/wp-json\/wp\/v2\/posts\/3562\/revisions\/3564"}],"wp:featuredmedia":[{"embeddable":true,"href":"https:\/\/diariodigitalmx.com\/index.php\/wp-json\/wp\/v2\/media\/1047"}],"wp:attachment":[{"href":"https:\/\/diariodigitalmx.com\/index.php\/wp-json\/wp\/v2\/media?parent=3562"}],"wp:term":[{"taxonomy":"category","embeddable":true,"href":"https:\/\/diariodigitalmx.com\/index.php\/wp-json\/wp\/v2\/categories?post=3562"},{"taxonomy":"post_tag","embeddable":true,"href":"https:\/\/diariodigitalmx.com\/index.php\/wp-json\/wp\/v2\/tags?post=3562"}],"curies":[{"name":"wp","href":"https:\/\/api.w.org\/{rel}","templated":true}]}}